{"id":12686,"date":"2024-03-08T08:15:00","date_gmt":"2024-03-08T11:15:00","guid":{"rendered":"https:\/\/diariorepublica.com.ar\/web\/?p=12686"},"modified":"2024-03-08T11:17:28","modified_gmt":"2024-03-08T14:17:28","slug":"tevez-piensa-cambios-en-independiente-para-enfrentar-a-river","status":"publish","type":"post","link":"https:\/\/diariorepublica.com.ar\/web\/index.php\/deportes\/2024\/03\/08\/tevez-piensa-cambios-en-independiente-para-enfrentar-a-river\/","title":{"rendered":"Tevez piensa cambios en Independiente para enfrentar a River"},"content":{"rendered":"<p>Despu\u00e9s del esc\u00e1ndalo en el duelo frente al\u00a0<i>Guapo<\/i>, en el que<b>\u00a0el t\u00e9cnico asegur\u00f3 que el \u00e1rbitro Pablo D\u00f3valo les rob\u00f3<\/b>, la principal novedad futbol\u00edstica que aparece en el conjunto de Avellaneda es que\u00a0<b>volver\u00eda a estar desde el arranque el delantero Gabriel \u00c1valos<\/b>.<\/p>\n<p>No obstante, como el Apache todav\u00eda no prob\u00f3 una formaci\u00f3n en los entrenamientos, habr\u00e1 que esperar para saber en lugar de qui\u00e9n ingresar\u00eda el ex-Argentinos Juniors, quien hasta ahora<b>\u00a0err\u00f3 un penal y no pudo marcar goles. Lo m\u00e1s probable es que lo haga por Ignacio Maestro Puch<\/b>\u00a0ya que\u00a0<b>Mat\u00edas Gim\u00e9nez Rojas viene de anotar un doblete.<\/b><\/p>\n<p>Por otra parte, quien no estar\u00e1 ni siquiera entre los convocados es el atacante\u00a0<b>Alexis Canelo<\/b>, que\u00a0<b>tampoco hab\u00eda sido citado contra Barracas porque tiene una sobrecarga en el aductor izquierdo.<\/b><\/p>\n<p>En la defensa tambi\u00e9n habr\u00e1 algunas modificaciones ya que\u00a0<b>Mauricio Isla reemplazar\u00e1 a Julio Buffarini y Ayrton Costa ingresar\u00eda por Dami\u00e1n P\u00e9rez.\u00a0<\/b>En\u00a0 el mediocampo\u00a0<b>volver\u00eda Federico Mancuello<\/b>, aunque a\u00fan no est\u00e1 claro qui\u00e9n dejar\u00eda su lugar,\u00a0<b>\u00bfser\u00e1 Alex Luna?\u00a0<\/b>Las dudas quiz\u00e1 las despejar\u00e1 Tevez en la pr\u00e1ctica del viernes.<\/p>\n","protected":false},"excerpt":{"rendered":"<p>Despu\u00e9s del esc\u00e1ndalo en el duelo frente al\u00a0Guapo, en el que\u00a0el t\u00e9cnico asegur\u00f3 que el \u00e1rbitro Pablo D\u00f3valo les rob\u00f3,<\/p>\n","protected":false},"author":1,"featured_media":12687,"comment_status":"closed","ping_status":"closed","sticky":false,"template":"","format":"standard","meta":{"footnotes":"","jetpack_publicize_message":"","jetpack_publicize_feature_enabled":true,"jetpack_social_post_already_shared":true,"jetpack_social_options":{"image_generator_settings":{"template":"highway","enabled":false},"version":2}},"categories":[9],"tags":[],"class_list":["post-12686","post","type-post","status-publish","format-standard","has-post-thumbnail","hentry","category-deportes"],"jetpack_publicize_connections":[],"_links":{"self":[{"href":"https:\/\/diariorepublica.com.ar\/web\/index.php\/wp-json\/wp\/v2\/posts\/12686"}],"collection":[{"href":"https:\/\/diariorepublica.com.ar\/web\/index.php\/wp-json\/wp\/v2\/posts"}],"about":[{"href":"https:\/\/diariorepublica.com.ar\/web\/index.php\/wp-json\/wp\/v2\/types\/post"}],"author":[{"embeddable":true,"href":"https:\/\/diariorepublica.com.ar\/web\/index.php\/wp-json\/wp\/v2\/users\/1"}],"replies":[{"embeddable":true,"href":"https:\/\/diariorepublica.com.ar\/web\/index.php\/wp-json\/wp\/v2\/comments?post=12686"}],"version-history":[{"count":1,"href":"https:\/\/diariorepublica.com.ar\/web\/index.php\/wp-json\/wp\/v2\/posts\/12686\/revisions"}],"predecessor-version":[{"id":12688,"href":"https:\/\/diariorepublica.com.ar\/web\/index.php\/wp-json\/wp\/v2\/posts\/12686\/revisions\/12688"}],"wp:featuredmedia":[{"embeddable":true,"href":"https:\/\/diariorepublica.com.ar\/web\/index.php\/wp-json\/wp\/v2\/media\/12687"}],"wp:attachment":[{"href":"https:\/\/diariorepublica.com.ar\/web\/index.php\/wp-json\/wp\/v2\/media?parent=12686"}],"wp:term":[{"taxonomy":"category","embeddable":true,"href":"https:\/\/diariorepublica.com.ar\/web\/index.php\/wp-json\/wp\/v2\/categories?post=12686"},{"taxonomy":"post_tag","embeddable":true,"href":"https:\/\/diariorepublica.com.ar\/web\/index.php\/wp-json\/wp\/v2\/tags?post=12686"}],"curies":[{"name":"wp","href":"https:\/\/api.w.org\/{rel}","templated":true}]}}