{"id":12699,"date":"2024-03-11T07:02:40","date_gmt":"2024-03-11T10:02:40","guid":{"rendered":"https:\/\/diariorepublica.com.ar\/web\/?p=12699"},"modified":"2024-03-11T07:02:42","modified_gmt":"2024-03-11T10:02:42","slug":"trabajadores-de-osep-levantaron-las-medidas-de-fuerza","status":"publish","type":"post","link":"https:\/\/diariorepublica.com.ar\/web\/index.php\/sociedad\/2024\/03\/11\/trabajadores-de-osep-levantaron-las-medidas-de-fuerza\/","title":{"rendered":"Trabajadores de OSEP levantaron las medidas de fuerza"},"content":{"rendered":"<p>La decisi\u00f3n de levantar la medida, que se inici\u00f3 el jueves por tiempo indeterminado, ahora se resuelve tras la promesa de pago del diferencial que se estaba reclamando, pago que se har\u00eda efectivo con los salarios de marzo. As\u00ed lo confirmaron desde el Sindicato de los Empleados de la Obra Social Provincial (SEOSP), marcando que, aunque la propuesta de arreglo ya tiene confirmaci\u00f3n, este lunes en asamblea, lo dicho por el director del organismo, Leopoldo Marquetti,<\/p>\n<p>Ante esto, los afiliados podr\u00e1n volver a tener atenci\u00f3n plena, la que se hab\u00eda visto resentida, tanto en la casa central, como en las dependencias del interior y delegaciones fuera de la provincia, como se sabe desde el jueves.<\/p>\n<p>Lo concreto es que, en marzo, finalmente se les abonar\u00e1 lo que estaba pendiente, es decir el 30% del diferencial acordado en noviembre, adem\u00e1s de la diferencia del aguinaldo<\/p>\n","protected":false},"excerpt":{"rendered":"<p>La decisi\u00f3n de levantar la medida, que se inici\u00f3 el jueves por tiempo indeterminado, ahora se resuelve tras la promesa<\/p>\n","protected":false},"author":2,"featured_media":12700,"comment_status":"closed","ping_status":"closed","sticky":false,"template":"","format":"standard","meta":{"footnotes":"","jetpack_publicize_message":"","jetpack_publicize_feature_enabled":true,"jetpack_social_post_already_shared":true,"jetpack_social_options":{"image_generator_settings":{"template":"highway","enabled":false},"version":2}},"categories":[3],"tags":[],"class_list":["post-12699","post","type-post","status-publish","format-standard","has-post-thumbnail","hentry","category-sociedad"],"jetpack_publicize_connections":[],"_links":{"self":[{"href":"https:\/\/diariorepublica.com.ar\/web\/index.php\/wp-json\/wp\/v2\/posts\/12699"}],"collection":[{"href":"https:\/\/diariorepublica.com.ar\/web\/index.php\/wp-json\/wp\/v2\/posts"}],"about":[{"href":"https:\/\/diariorepublica.com.ar\/web\/index.php\/wp-json\/wp\/v2\/types\/post"}],"author":[{"embeddable":true,"href":"https:\/\/diariorepublica.com.ar\/web\/index.php\/wp-json\/wp\/v2\/users\/2"}],"replies":[{"embeddable":true,"href":"https:\/\/diariorepublica.com.ar\/web\/index.php\/wp-json\/wp\/v2\/comments?post=12699"}],"version-history":[{"count":1,"href":"https:\/\/diariorepublica.com.ar\/web\/index.php\/wp-json\/wp\/v2\/posts\/12699\/revisions"}],"predecessor-version":[{"id":12701,"href":"https:\/\/diariorepublica.com.ar\/web\/index.php\/wp-json\/wp\/v2\/posts\/12699\/revisions\/12701"}],"wp:featuredmedia":[{"embeddable":true,"href":"https:\/\/diariorepublica.com.ar\/web\/index.php\/wp-json\/wp\/v2\/media\/12700"}],"wp:attachment":[{"href":"https:\/\/diariorepublica.com.ar\/web\/index.php\/wp-json\/wp\/v2\/media?parent=12699"}],"wp:term":[{"taxonomy":"category","embeddable":true,"href":"https:\/\/diariorepublica.com.ar\/web\/index.php\/wp-json\/wp\/v2\/categories?post=12699"},{"taxonomy":"post_tag","embeddable":true,"href":"https:\/\/diariorepublica.com.ar\/web\/index.php\/wp-json\/wp\/v2\/tags?post=12699"}],"curies":[{"name":"wp","href":"https:\/\/api.w.org\/{rel}","templated":true}]}}