{"id":12702,"date":"2024-03-11T07:11:22","date_gmt":"2024-03-11T10:11:22","guid":{"rendered":"https:\/\/diariorepublica.com.ar\/web\/?p=12702"},"modified":"2024-03-11T07:11:24","modified_gmt":"2024-03-11T10:11:24","slug":"cinco-es-un-buen-numero-para-la-corte-de-justicia","status":"publish","type":"post","link":"https:\/\/diariorepublica.com.ar\/web\/index.php\/politica\/2024\/03\/11\/cinco-es-un-buen-numero-para-la-corte-de-justicia\/","title":{"rendered":"\u00abCinco es un buen numero para la Corte de Justicia\u00bb"},"content":{"rendered":"<p>La presidenta de la Corte de Justicia, Fernanda Rosales, se mostr\u00f3 de acuerdo con que el m\u00e1ximo tribunal de Justicia de la provincia reduzca sus miembros pasando de siete a cinco ministros. De esta forma, la magistrada aval\u00f3 la postura del gobernador Ra\u00fal Jalil, quien, en el marco de la reforma de la Constituci\u00f3n, adelant\u00f3 que propondr\u00e1 achicar los integrantes de la Corte.<\/p>\n<p>\u00abCuando estaba a cargo de la presidencia del Colegio de Abogados, yo ya hab\u00eda planteado que me parec\u00eda que cinco era un buen n\u00famero para la Corte y que siete ya era mucho\u00bb, dijo Rosales advirtiendo que, m\u00e1s all\u00e1 de su opini\u00f3n, ampliar o achicar los miembros de la Corte \u00abobedece a una cuesti\u00f3n de dise\u00f1o institucional que define nuestra Legislatura\u00bb.<\/p>\n<p>M\u00e1s all\u00e1 de su postura, que aclar\u00f3 que es personal y no del m\u00e1ximo tribunal en su conjunto, la magistrada destac\u00f3 que con siete miembros la Corte aceler\u00f3 su trabajo en algunos aspectos.<\/p>\n","protected":false},"excerpt":{"rendered":"<p>La presidenta de la Corte de Justicia, Fernanda Rosales, se mostr\u00f3 de acuerdo con que el m\u00e1ximo tribunal de Justicia<\/p>\n","protected":false},"author":2,"featured_media":12703,"comment_status":"closed","ping_status":"closed","sticky":false,"template":"","format":"standard","meta":{"footnotes":"","jetpack_publicize_message":"","jetpack_publicize_feature_enabled":true,"jetpack_social_post_already_shared":true,"jetpack_social_options":{"image_generator_settings":{"template":"highway","enabled":false},"version":2}},"categories":[12],"tags":[],"class_list":["post-12702","post","type-post","status-publish","format-standard","has-post-thumbnail","hentry","category-politica"],"jetpack_publicize_connections":[],"_links":{"self":[{"href":"https:\/\/diariorepublica.com.ar\/web\/index.php\/wp-json\/wp\/v2\/posts\/12702"}],"collection":[{"href":"https:\/\/diariorepublica.com.ar\/web\/index.php\/wp-json\/wp\/v2\/posts"}],"about":[{"href":"https:\/\/diariorepublica.com.ar\/web\/index.php\/wp-json\/wp\/v2\/types\/post"}],"author":[{"embeddable":true,"href":"https:\/\/diariorepublica.com.ar\/web\/index.php\/wp-json\/wp\/v2\/users\/2"}],"replies":[{"embeddable":true,"href":"https:\/\/diariorepublica.com.ar\/web\/index.php\/wp-json\/wp\/v2\/comments?post=12702"}],"version-history":[{"count":1,"href":"https:\/\/diariorepublica.com.ar\/web\/index.php\/wp-json\/wp\/v2\/posts\/12702\/revisions"}],"predecessor-version":[{"id":12704,"href":"https:\/\/diariorepublica.com.ar\/web\/index.php\/wp-json\/wp\/v2\/posts\/12702\/revisions\/12704"}],"wp:featuredmedia":[{"embeddable":true,"href":"https:\/\/diariorepublica.com.ar\/web\/index.php\/wp-json\/wp\/v2\/media\/12703"}],"wp:attachment":[{"href":"https:\/\/diariorepublica.com.ar\/web\/index.php\/wp-json\/wp\/v2\/media?parent=12702"}],"wp:term":[{"taxonomy":"category","embeddable":true,"href":"https:\/\/diariorepublica.com.ar\/web\/index.php\/wp-json\/wp\/v2\/categories?post=12702"},{"taxonomy":"post_tag","embeddable":true,"href":"https:\/\/diariorepublica.com.ar\/web\/index.php\/wp-json\/wp\/v2\/tags?post=12702"}],"curies":[{"name":"wp","href":"https:\/\/api.w.org\/{rel}","templated":true}]}}