{"id":12711,"date":"2024-03-11T07:41:50","date_gmt":"2024-03-11T10:41:50","guid":{"rendered":"https:\/\/diariorepublica.com.ar\/web\/?p=12711"},"modified":"2024-03-11T07:41:52","modified_gmt":"2024-03-11T10:41:52","slug":"comerciantes-estudian-la-posibilidad-de-retomar-el-horario-extendido","status":"publish","type":"post","link":"https:\/\/diariorepublica.com.ar\/web\/index.php\/sociedad\/2024\/03\/11\/comerciantes-estudian-la-posibilidad-de-retomar-el-horario-extendido\/","title":{"rendered":"Comerciantes estudian la posibilidad de retomar el horario extendido"},"content":{"rendered":"<p>En medio de un contexto de crisis econ\u00f3mica por la suba de las tarifas, empleados de comercio plantean la idea de atender con horario corrido como una medida para reducir costos.<\/p>\n<p>As\u00ed lo se\u00f1ala Cinthia Galarza, presidenta de la Uni\u00f3n Comercial en Catamarca, quien coment\u00f3 que, junto con el Centro de Empleados de Comercio, analizan implementar este horario de atenci\u00f3n en los locales ubicados en el centro capitalino. No obstante, no ser\u00eda una medida para ser impuesta, sino que ser\u00eda opcional, una que ser\u00eda rentable y beneficioso para los trabajadores, ya que ahorrar\u00edan gastos de traslado (porque s\u00f3lo tendr\u00edan que pagar dos boletos, en caso de utilizar el transporte p\u00fablico) y en el caso de los due\u00f1os de los locales comerciales ahorrar\u00edan en los costos de energ\u00eda el\u00e9ctrica.<\/p>\n<p>Finalmente Galarza indic\u00f3 que de aprobarse esta medida, comenzar\u00e1 a regir a partir de abril y hasta septiembre de este a\u00f1o. Adem\u00e1s, sostuvo que se realiza una encuesta en el sector para conocer la postura que tienen<\/p>\n","protected":false},"excerpt":{"rendered":"<p>En medio de un contexto de crisis econ\u00f3mica por la suba de las tarifas, empleados de comercio plantean la idea<\/p>\n","protected":false},"author":2,"featured_media":12713,"comment_status":"closed","ping_status":"closed","sticky":false,"template":"","format":"standard","meta":{"footnotes":"","jetpack_publicize_message":"","jetpack_publicize_feature_enabled":true,"jetpack_social_post_already_shared":true,"jetpack_social_options":{"image_generator_settings":{"template":"highway","enabled":false},"version":2}},"categories":[3],"tags":[],"class_list":["post-12711","post","type-post","status-publish","format-standard","has-post-thumbnail","hentry","category-sociedad"],"jetpack_publicize_connections":[],"_links":{"self":[{"href":"https:\/\/diariorepublica.com.ar\/web\/index.php\/wp-json\/wp\/v2\/posts\/12711"}],"collection":[{"href":"https:\/\/diariorepublica.com.ar\/web\/index.php\/wp-json\/wp\/v2\/posts"}],"about":[{"href":"https:\/\/diariorepublica.com.ar\/web\/index.php\/wp-json\/wp\/v2\/types\/post"}],"author":[{"embeddable":true,"href":"https:\/\/diariorepublica.com.ar\/web\/index.php\/wp-json\/wp\/v2\/users\/2"}],"replies":[{"embeddable":true,"href":"https:\/\/diariorepublica.com.ar\/web\/index.php\/wp-json\/wp\/v2\/comments?post=12711"}],"version-history":[{"count":1,"href":"https:\/\/diariorepublica.com.ar\/web\/index.php\/wp-json\/wp\/v2\/posts\/12711\/revisions"}],"predecessor-version":[{"id":12714,"href":"https:\/\/diariorepublica.com.ar\/web\/index.php\/wp-json\/wp\/v2\/posts\/12711\/revisions\/12714"}],"wp:featuredmedia":[{"embeddable":true,"href":"https:\/\/diariorepublica.com.ar\/web\/index.php\/wp-json\/wp\/v2\/media\/12713"}],"wp:attachment":[{"href":"https:\/\/diariorepublica.com.ar\/web\/index.php\/wp-json\/wp\/v2\/media?parent=12711"}],"wp:term":[{"taxonomy":"category","embeddable":true,"href":"https:\/\/diariorepublica.com.ar\/web\/index.php\/wp-json\/wp\/v2\/categories?post=12711"},{"taxonomy":"post_tag","embeddable":true,"href":"https:\/\/diariorepublica.com.ar\/web\/index.php\/wp-json\/wp\/v2\/tags?post=12711"}],"curies":[{"name":"wp","href":"https:\/\/api.w.org\/{rel}","templated":true}]}}