{"id":12717,"date":"2024-03-11T05:45:00","date_gmt":"2024-03-11T08:45:00","guid":{"rendered":"https:\/\/diariorepublica.com.ar\/web\/?p=12717"},"modified":"2024-03-11T07:47:49","modified_gmt":"2024-03-11T10:47:49","slug":"javier-milei-publico-la-derogacion-de-los-aumentos-para-el-y-los-funcionarios-de-su-gabinete","status":"publish","type":"post","link":"https:\/\/diariorepublica.com.ar\/web\/index.php\/politica\/2024\/03\/11\/javier-milei-publico-la-derogacion-de-los-aumentos-para-el-y-los-funcionarios-de-su-gabinete\/","title":{"rendered":"Javier Milei public\u00f3 la derogaci\u00f3n de los aumentos para \u00e9l y los funcionarios de su gabinete"},"content":{"rendered":"<p class=\"com-paragraph  --capital --s\">Luego de la pol\u00e9mica desatada recientemente al conocerse el <strong>inesperado aumento de los sueldos de hasta un 48% del Presidente<\/strong>, la vicepresidenta Victoria Villarruel y el gabinete de ministros,\u00a0<strong>Javier Milei\u00a0<\/strong>decidi\u00f3 derogar el incremento y retrotrajo\u00a0los ingresos de los funcionarios del Ejecutivo a los de diciembre. As\u00ed se oficializ\u00f3 esta madrugada en el\u00a0<strong>Bolet\u00edn Oficial\u00a0<\/strong>mediante el\u00a0<em>decreto 235\/2024<\/em>.<\/p>\n<div class=\"hidden\"><\/div>\n<div class=\"hidden\"><\/div>\n<p class=\"com-paragraph   --s\">Tal y como hab\u00eda anticipado el s\u00e1bado a \u00faltima hora el vocero presidencial,\u00a0<strong>Manuel Adorni<\/strong>, el Gobierno anul\u00f3 el aumento del sueldo que caus\u00f3 un\u00a0fuerte intercambio en redes sociales\u00a0entre Milei y la expresidenta\u00a0<strong>Cristina Kirchner<\/strong>, quien lo chicane\u00f3 por el aumento que sali\u00f3 publicado con su firma el 28 de febrero, en medio de un fuerte ajuste por inflaci\u00f3n, recesi\u00f3n y p\u00e9rdida del poder adquisitivo de la mayor\u00eda de la poblaci\u00f3n.<\/p>\n<p>El nuevo decreto lleva la firma del jefe de Gabinete,\u00a0<strong>Nicol\u00e1s Posse<\/strong>, y la del mandatario nacional y\u00a0<strong>deroga el art\u00edculo 4 del\u00a0<\/strong><em><strong>decreto N\u00b0 206. A<\/strong><\/em><strong>clara que la medida rige desde el 1\u00b0 de febrero<\/strong>, dado que el<strong>\u00a0<\/strong>Gobierno hab\u00eda decidido, en enero, no incluir a los funcionarios del Poder Ejecutivo en el aumento a los trabajadores estatales, pero en febrero s\u00ed lo hizo.<\/p>\n<p>En el art\u00edculo 3\u00b0 de la nueva norma se establece que las retribuciones de las Autoridades Superiores de las Jurisdicciones, Entidades y Organismos del Poder Ejecutivo nacional, vuelven a ser los montos vigentes del 31 de diciembre de 2023.<\/p>\n<p>Mientras que el art\u00edculo 4\u00b0 corrige lo que critic\u00f3 Milei cuando carg\u00f3 contra Cristina en X. \u201cMe acaban de informar que producto de un decreto firmado por la expresidenta Cristina Kirchner en el a\u00f1o 2010, que establec\u00eda que los cargos pol\u00edticos siempre deb\u00edan cobrar m\u00e1s que los empleados de la administraci\u00f3n p\u00fablica, se otorg\u00f3 un aumento autom\u00e1tico a la planta pol\u00edtica de este gobierno\u201d, hab\u00eda argumentado Milei para explicar el aumento en su sueldo.<\/p>\n<p class=\"com-paragraph   --s\">Desde ahora las retribuciones de las Autoridades Superiores de las Jurisdicciones, Entidades y Organismos del Poder Ejecutivo, y de los funcionarios con rango y jerarqu\u00eda equivalente,\u00a0<strong>no podr\u00e1n ser establecidas en el marco de la homologaci\u00f3n de las Actas Acuerdo que se celebren conforme la negociaci\u00f3n colectiva de trabajo para la Administraci\u00f3n P\u00fablica Nacional\u00a0<\/strong>(APN). O sea que no se regir\u00e1n por el acuerdo de paritarias de estatales de la APN.<\/p>\n<div class=\"hidden\"><\/div>\n<p class=\"com-paragraph   --s\">Por \u00faltimo se facult\u00f3 a la\u00a0<strong>Comisi\u00f3n T\u00e9cnica Asesora de Pol\u00edtica Salarial del Sector P\u00fablico\u00a0<\/strong>a dictar las normas aclaratorias y complementarias a que diera lugar la aplicaci\u00f3n del presente decreto.<\/p>\n<div class=\"hidden\"><\/div>\n<h6 class=\"com-title --font-primary --xl --font-extra\">El ida y vuelta entre Javier Milei y Cristina Kirchner<\/h6>\n<p class=\"com-paragraph   --s\">La diputada de Uni\u00f3n por la Patria\u00a0<strong>Victoria Tolosa Paz\u00a0<\/strong>comparti\u00f3 el s\u00e1bado por la ma\u00f1ana en X una resoluci\u00f3n del Gobierno [el mencionado decreto 206 de febrero] en donde<strong>\u00a0se le otorgaba un aumento de casi el 48% a los funcionarios del Poder Ejecutivo<\/strong>. Esto fue repudiado en redes sociales en el marco del fuerte ajuste de salarios y elevada inflaci\u00f3n de los primeros meses del a\u00f1o.<\/p>\n<p class=\"com-paragraph   --s\">El presidente Javier Milei\u00a0sali\u00f3 a aclarar\u00a0en una serie de posteos en X que no estaba al tanto del aumento y que no iba en sinton\u00eda con las intenciones del oficialismo. Dijo que lo iba a derogar y explic\u00f3 que el aumento fue como resultado de un decreto firmado por Cristina Kirchner en 2010, que por orden ascendente deb\u00eda correr una diferencia escalonada entre los diferentes cargos de la administraci\u00f3n del Poder Ejecutivo.\u00a0<strong>\u201cCada d\u00eda que pasa encontramos una nueva norma que favorec\u00eda a los pol\u00edticos y perjudicaba a los argentinos\u201d<\/strong>, afirm\u00f3 el mandatario.<\/p>\n<p class=\"com-paragraph   --s\">Tal como hab\u00eda pedido dar marcha atr\u00e1s con el aumento del 30% de los diputados y senadores, el Presidente ratific\u00f3 la suspensi\u00f3n de los incrementos en el Ejecutivo. \u201c<strong>Con nosotros los perjudicados van a ser los pol\u00edticos. Obviamente vamos a derogar ese decreto y retrotraer cualquier aumento que la planta pol\u00edtica haya percibido\u201d,\u00a0<\/strong>continu\u00f3 el mandatario.<\/p>\n<div class=\"hidden\"><\/div>\n<p class=\"com-paragraph   --s\">Al cabo de unas horas, la exvicepresidenta del gobierno de Alberto Fern\u00e1ndez\u00a0sali\u00f3 al cruce. \u201cM\u00e1s casta y menos original no se consigue\u201d, apunt\u00f3 Cristina y exclam\u00f3:\u00a0<strong>\u201cLo hac\u00eda m\u00e1s valiente Presidente. Resulta que se descubre que usted y sus funcionarios se aumentaron el sueldo un 48%\u201d.<\/strong><\/p>\n<p class=\"com-paragraph   --s\">Adem\u00e1s, envi\u00f3 una \u00e1cida respuesta:\u00a0<strong>\u201c\u00bfY no se le ocurre mejor excusa que echarme la culpa a m\u00ed, por un decreto que firm\u00e9 hace 14 a\u00f1os? Mejor ni le digo a qui\u00e9n me hace acordar, con esto de echarle la culpa a una mujer. M\u00e1s casta y menos original no se consigue\u201d<\/strong>.<\/p>\n<p>lanacion.com.ar<\/p>\n","protected":false},"excerpt":{"rendered":"<p>Luego de la pol\u00e9mica desatada recientemente al conocerse el inesperado aumento de los sueldos de hasta un 48% del Presidente,<\/p>\n","protected":false},"author":1,"featured_media":12719,"comment_status":"closed","ping_status":"closed","sticky":false,"template":"","format":"standard","meta":{"footnotes":"","jetpack_publicize_message":"","jetpack_publicize_feature_enabled":true,"jetpack_social_post_already_shared":true,"jetpack_social_options":{"image_generator_settings":{"template":"highway","enabled":false},"version":2}},"categories":[12],"tags":[],"class_list":["post-12717","post","type-post","status-publish","format-standard","has-post-thumbnail","hentry","category-politica"],"jetpack_publicize_connections":[],"_links":{"self":[{"href":"https:\/\/diariorepublica.com.ar\/web\/index.php\/wp-json\/wp\/v2\/posts\/12717"}],"collection":[{"href":"https:\/\/diariorepublica.com.ar\/web\/index.php\/wp-json\/wp\/v2\/posts"}],"about":[{"href":"https:\/\/diariorepublica.com.ar\/web\/index.php\/wp-json\/wp\/v2\/types\/post"}],"author":[{"embeddable":true,"href":"https:\/\/diariorepublica.com.ar\/web\/index.php\/wp-json\/wp\/v2\/users\/1"}],"replies":[{"embeddable":true,"href":"https:\/\/diariorepublica.com.ar\/web\/index.php\/wp-json\/wp\/v2\/comments?post=12717"}],"version-history":[{"count":1,"href":"https:\/\/diariorepublica.com.ar\/web\/index.php\/wp-json\/wp\/v2\/posts\/12717\/revisions"}],"predecessor-version":[{"id":12720,"href":"https:\/\/diariorepublica.com.ar\/web\/index.php\/wp-json\/wp\/v2\/posts\/12717\/revisions\/12720"}],"wp:featuredmedia":[{"embeddable":true,"href":"https:\/\/diariorepublica.com.ar\/web\/index.php\/wp-json\/wp\/v2\/media\/12719"}],"wp:attachment":[{"href":"https:\/\/diariorepublica.com.ar\/web\/index.php\/wp-json\/wp\/v2\/media?parent=12717"}],"wp:term":[{"taxonomy":"category","embeddable":true,"href":"https:\/\/diariorepublica.com.ar\/web\/index.php\/wp-json\/wp\/v2\/categories?post=12717"},{"taxonomy":"post_tag","embeddable":true,"href":"https:\/\/diariorepublica.com.ar\/web\/index.php\/wp-json\/wp\/v2\/tags?post=12717"}],"curies":[{"name":"wp","href":"https:\/\/api.w.org\/{rel}","templated":true}]}}