{"id":12734,"date":"2024-03-11T10:37:43","date_gmt":"2024-03-11T13:37:43","guid":{"rendered":"https:\/\/diariorepublica.com.ar\/web\/?p=12734"},"modified":"2024-03-11T10:37:45","modified_gmt":"2024-03-11T13:37:45","slug":"en-los-proximos-dias-se-definiria-el-valor-del-boleto-del-transporte-publico","status":"publish","type":"post","link":"https:\/\/diariorepublica.com.ar\/web\/index.php\/politica\/2024\/03\/11\/en-los-proximos-dias-se-definiria-el-valor-del-boleto-del-transporte-publico\/","title":{"rendered":"En los proximos dias se definir\u00eda el valor del boleto del transporte publico"},"content":{"rendered":"<p>As\u00ed lo confirm\u00f3 el Gobernador Ra\u00fal Jalil, quien asegur\u00f3 que el mi\u00e9rcoles de la semana que viene se va a reunir con los representantes de las empresas de transporte de la provincia, para avanzar en la definici\u00f3n de este tema, el que tiene en vilo nuevamente a los usuarios.<\/p>\n<p>Jalil remarc\u00f3 que \u201cCatamarca va a seguir subsidiando el transporte en la provincia\u201d. De esta manera se sostiene la idea s\u00ed de un incremento pero que este nuevamente podr\u00eda ser absorvido por las arcas provinciales, para que el impacto en la ciudadan\u00eda no sea tan alto.<\/p>\n<p>Esto por cuanto las empresas de transporte solicitaron la revisi\u00f3n del precio del boleto de pasajeros, pidiendo que el mismo pase de los $&gt;250 actuales a $1.000 \u00f3 $1.100. Y en este punto recordemos que desde el Ministerio de Integraci\u00f3n, Log\u00edstica y Transporte se se\u00f1al\u00f3 en relaci\u00f3n a este tema que \u00abdesde el Estado provincial se vienen realizando todos los esfuerzos en materia financiera para mantener los subsidios y aportes a las empresas, a pesar de la quita de fondos nacionales y la crisis econ\u00f3mica. Por eso se trabaja para que la actualizaci\u00f3n del boleto sea lo m\u00e1s equilibrada posible y no afecte tanto el bolsillo\u00bb.<\/p>\n","protected":false},"excerpt":{"rendered":"<p>As\u00ed lo confirm\u00f3 el Gobernador Ra\u00fal Jalil, quien asegur\u00f3 que el mi\u00e9rcoles de la semana que viene se va a<\/p>\n","protected":false},"author":2,"featured_media":12735,"comment_status":"closed","ping_status":"closed","sticky":false,"template":"","format":"standard","meta":{"footnotes":"","jetpack_publicize_message":"","jetpack_publicize_feature_enabled":true,"jetpack_social_post_already_shared":true,"jetpack_social_options":{"image_generator_settings":{"template":"highway","enabled":false},"version":2}},"categories":[12],"tags":[],"class_list":["post-12734","post","type-post","status-publish","format-standard","has-post-thumbnail","hentry","category-politica"],"jetpack_publicize_connections":[],"_links":{"self":[{"href":"https:\/\/diariorepublica.com.ar\/web\/index.php\/wp-json\/wp\/v2\/posts\/12734"}],"collection":[{"href":"https:\/\/diariorepublica.com.ar\/web\/index.php\/wp-json\/wp\/v2\/posts"}],"about":[{"href":"https:\/\/diariorepublica.com.ar\/web\/index.php\/wp-json\/wp\/v2\/types\/post"}],"author":[{"embeddable":true,"href":"https:\/\/diariorepublica.com.ar\/web\/index.php\/wp-json\/wp\/v2\/users\/2"}],"replies":[{"embeddable":true,"href":"https:\/\/diariorepublica.com.ar\/web\/index.php\/wp-json\/wp\/v2\/comments?post=12734"}],"version-history":[{"count":1,"href":"https:\/\/diariorepublica.com.ar\/web\/index.php\/wp-json\/wp\/v2\/posts\/12734\/revisions"}],"predecessor-version":[{"id":12736,"href":"https:\/\/diariorepublica.com.ar\/web\/index.php\/wp-json\/wp\/v2\/posts\/12734\/revisions\/12736"}],"wp:featuredmedia":[{"embeddable":true,"href":"https:\/\/diariorepublica.com.ar\/web\/index.php\/wp-json\/wp\/v2\/media\/12735"}],"wp:attachment":[{"href":"https:\/\/diariorepublica.com.ar\/web\/index.php\/wp-json\/wp\/v2\/media?parent=12734"}],"wp:term":[{"taxonomy":"category","embeddable":true,"href":"https:\/\/diariorepublica.com.ar\/web\/index.php\/wp-json\/wp\/v2\/categories?post=12734"},{"taxonomy":"post_tag","embeddable":true,"href":"https:\/\/diariorepublica.com.ar\/web\/index.php\/wp-json\/wp\/v2\/tags?post=12734"}],"curies":[{"name":"wp","href":"https:\/\/api.w.org\/{rel}","templated":true}]}}