{"id":12738,"date":"2024-03-11T12:12:12","date_gmt":"2024-03-11T15:12:12","guid":{"rendered":"https:\/\/diariorepublica.com.ar\/web\/?p=12738"},"modified":"2024-03-11T12:12:14","modified_gmt":"2024-03-11T15:12:14","slug":"nelson-castro-fue-amenazado-de-muerte-en-medio-de-la-ola-de-violencia-narco-en-rosario","status":"publish","type":"post","link":"https:\/\/diariorepublica.com.ar\/web\/index.php\/nacionales\/2024\/03\/11\/nelson-castro-fue-amenazado-de-muerte-en-medio-de-la-ola-de-violencia-narco-en-rosario\/","title":{"rendered":"Nelson Castro fue amenazado de muerte en medio de la ola de violencia narco en Rosario"},"content":{"rendered":"<p class=\"com-paragraph  --capital --s\">El periodista de TN Nelson Castro, quien fue enviado como corresponsal a Rosario para cubrir la ola de violencia narco,\u00a0<strong>fue amenazado de muerte<\/strong>\u00a0esta ma\u00f1ana junto a su equipo ni bien pis\u00f3 la ciudad santafesina.<\/p>\n<div class=\"hidden\"><\/div>\n<div class=\"hidden\"><\/div>\n<p class=\"com-paragraph   --s\">\u201cDecile que si llega a Segu\u00ed y Oro\u00f1o lo sacamos a tiros, el que avisa no traiciona, que se vaya de Rosario, no los queremos ac\u00e1. Atentamente, la Mafia. Que no se acerque a Francia y Segu\u00ed y Oro\u00f1o&#8230; fuera de Rosario.\u00a0<strong>Si no van a terminar como (Jos\u00e9 Luis ) Cabezas<\/strong>\u201d, fue el mensaje que recibi\u00f3 el cronista Sebasti\u00e1n Domenech, acompa\u00f1ado de una captura en la que se lo ve a Castro saliendo al aire por TN desde Rosario.<\/p>\n<p class=\"com-paragraph   --s\">\u201cNos enteramos viniendo hacia ac\u00e1, la verdad es que no lo sab\u00edamos, nos enteramos a trav\u00e9s de lo que est\u00e1 contando ahora Sebasti\u00e1n,\u00a0<strong>estamos impactados,\u00a0<\/strong>porque claramente es una demostraci\u00f3n de lo que est\u00e1 pasando aqu\u00ed\u201d, cont\u00f3 Castro esta ma\u00f1ana en TN.<\/p>\n<div class=\"hidden\"><\/div>\n<p class=\"com-paragraph   --s\">\u201cEso le da sentido a algo que pas\u00f3 cuando est\u00e1bamos haciendo el vivo. Hubo un muchacho que dijo a c\u00e1mara \u2018no quiero hablar porque no me quiero exponer\u2019. Y despu\u00e9s hubo dos taximetreros que\u00a0<strong>no quisieron hablar porque tienen miedo<\/strong>. Eso permite entender claramente qu\u00e9 es lo que se est\u00e1 viviendo. Estamos experimentando los mismo que viven, padecen y sufren los habitantes de Rosario\u201d, explic\u00f3 el periodista.<\/p>\n<div class=\"hidden\"><\/div>\n<p class=\"com-paragraph   --s\">\u201cLa gente te dice que han logrado que en la ciudad se viva con miedo y\u00a0<strong>todos los que entrevistamos al azar fueron v\u00edctimas de la inseguridad<\/strong>\u201d, coment\u00f3 Castro desde el centro de la ciudad.<\/p>\n","protected":false},"excerpt":{"rendered":"<p>El periodista de TN Nelson Castro, quien fue enviado como corresponsal a Rosario para cubrir la ola de violencia narco,\u00a0fue<\/p>\n","protected":false},"author":1,"featured_media":12739,"comment_status":"closed","ping_status":"closed","sticky":false,"template":"","format":"standard","meta":{"footnotes":"","jetpack_publicize_message":"","jetpack_publicize_feature_enabled":true,"jetpack_social_post_already_shared":true,"jetpack_social_options":{"image_generator_settings":{"template":"highway","enabled":false},"version":2}},"categories":[4],"tags":[],"class_list":["post-12738","post","type-post","status-publish","format-standard","has-post-thumbnail","hentry","category-nacionales"],"jetpack_publicize_connections":[],"_links":{"self":[{"href":"https:\/\/diariorepublica.com.ar\/web\/index.php\/wp-json\/wp\/v2\/posts\/12738"}],"collection":[{"href":"https:\/\/diariorepublica.com.ar\/web\/index.php\/wp-json\/wp\/v2\/posts"}],"about":[{"href":"https:\/\/diariorepublica.com.ar\/web\/index.php\/wp-json\/wp\/v2\/types\/post"}],"author":[{"embeddable":true,"href":"https:\/\/diariorepublica.com.ar\/web\/index.php\/wp-json\/wp\/v2\/users\/1"}],"replies":[{"embeddable":true,"href":"https:\/\/diariorepublica.com.ar\/web\/index.php\/wp-json\/wp\/v2\/comments?post=12738"}],"version-history":[{"count":1,"href":"https:\/\/diariorepublica.com.ar\/web\/index.php\/wp-json\/wp\/v2\/posts\/12738\/revisions"}],"predecessor-version":[{"id":12740,"href":"https:\/\/diariorepublica.com.ar\/web\/index.php\/wp-json\/wp\/v2\/posts\/12738\/revisions\/12740"}],"wp:featuredmedia":[{"embeddable":true,"href":"https:\/\/diariorepublica.com.ar\/web\/index.php\/wp-json\/wp\/v2\/media\/12739"}],"wp:attachment":[{"href":"https:\/\/diariorepublica.com.ar\/web\/index.php\/wp-json\/wp\/v2\/media?parent=12738"}],"wp:term":[{"taxonomy":"category","embeddable":true,"href":"https:\/\/diariorepublica.com.ar\/web\/index.php\/wp-json\/wp\/v2\/categories?post=12738"},{"taxonomy":"post_tag","embeddable":true,"href":"https:\/\/diariorepublica.com.ar\/web\/index.php\/wp-json\/wp\/v2\/tags?post=12738"}],"curies":[{"name":"wp","href":"https:\/\/api.w.org\/{rel}","templated":true}]}}