{"id":12741,"date":"2024-03-11T11:12:00","date_gmt":"2024-03-11T14:12:00","guid":{"rendered":"https:\/\/diariorepublica.com.ar\/web\/?p=12741"},"modified":"2024-03-11T12:13:59","modified_gmt":"2024-03-11T15:13:59","slug":"por-el-escandalo-de-los-sueldos-milei-echo-al-secretario-de-trabajo","status":"publish","type":"post","link":"https:\/\/diariorepublica.com.ar\/web\/index.php\/politica\/2024\/03\/11\/por-el-escandalo-de-los-sueldos-milei-echo-al-secretario-de-trabajo\/","title":{"rendered":"Por el esc\u00e1ndalo de los sueldos, Milei ech\u00f3 al secretario de trabajo"},"content":{"rendered":"<article id=\"article-post\" class=\"first\">\n<div class=\"cuerpo\" data-twitter-link=\"https:\/\/twitter.com\/intent\/tweet?url=https:\/\/www.diariopopular.com.ar\/c776947&amp;via=poopulardiario&amp;related=Popular&amp;text=\">\n<p>El presidente\u00a0<strong>Javier Milei<\/strong>\u00a0ech\u00f3 a al secretario de Trabajo,\u00a0<strong>Omar Yas\u00edn<\/strong>, luego de la pol\u00e9mica generada el fin de semana por los salarios del Gabinete y del propio jefe de Estado. La decisi\u00f3n fue comunicada en vivo por TV, en un reportaje con Antonio Laje, en\u00a0<em>LN+<\/em>.<\/p>\n<\/div>\n<\/article>\n<article id=\"article-post\">\n<div class=\"cuerpo\" data-twitter-link=\"https:\/\/twitter.com\/intent\/tweet?url=https:\/\/www.diariopopular.com.ar\/c776947&amp;via=poopulardiario&amp;related=Popular&amp;text=\">\n<div id=\"embed25_wrap\" class=\"embed_cont type_freetext\" contenteditable=\"false\">\n<div id=\"embed25_content\" class=\"embed_content\">\n<div id=\"embed25_embed\">\n<div class=\"video_container\"><iframe loading=\"lazy\" class=\"video_iframe\" src=\"https:\/\/www.youtube.com\/embed\/n6BEDY7Id1g\" width=\"100%\" height=\"360\" frameborder=\"0\" scrolling=\"no\" data-gtm-yt-inspected-11=\"true\" data-mce-fragment=\"1\"><\/iframe><\/div>\n<\/div>\n<\/div>\n<div id=\"embed25_epigrafe\" class=\"embed_epigrafe\"><\/div>\n<div id=\"embed25_copyright\" class=\"embed_copyright\"><\/div>\n<\/div>\n<p>Este tema del aumento de los sueldos, que luego el presidente revirti\u00f3, desat\u00f3 una intensa pol\u00e9mica (por redes sociales, como se usa ahora) entre Milei y la ex vicepresidenta Cristina Fern\u00e1ndez de Kirchner.<\/p>\n<p class=\"paragraph\" data-mrf-recirculation=\"Links inline\">\u201cLo he despedido por un error que no debi\u00f3 haber sucedido. Lo est\u00e1n notificando en este momento\u201d, asegur\u00f3 Javier Milei.<\/p>\n<p class=\"paragraph\" data-mrf-recirculation=\"Links inline\">\u201cEn enero dimos la orden de que no se iban a aumentar los sueldos del personal jer\u00e1rquico, los cargos pol\u00edticos. Cuando se dio el primer aumento, del 16%, no se le dio a los cargos pol\u00edticos. Despu\u00e9s, cuando se llega a un acuerdo de paritarias, hay una nueva suba de salarios y, ah\u00ed, se dispara un decreto que hab\u00eda enviado Cristina (Kirchner), que se\u00f1alaba que estos puestos jer\u00e1rquicos no pueden ganar menos que las personas que est\u00e1n debajo de la estructura, y eso dispar\u00f3 el aumento\u201d, explic\u00f3 el presidente.<\/p>\n<p class=\"paragraph\" data-mrf-recirculation=\"Links inline\">\u201cAh\u00ed tomamos dos medidas: el s\u00e1bado mand\u00e9 un decreto donde se retrotrae ese aumento, es decir, el mes que viene se descuenta, porque seguimos con la tesitura de que el ajuste lo pagan todos, en especial la pol\u00edtica. Y segundo, he despedido al Secretario de Trabajo\u201d, anunci\u00f3.<\/p>\n<\/div>\n<\/article>\n","protected":false},"excerpt":{"rendered":"<p>El presidente\u00a0Javier Milei\u00a0ech\u00f3 a al secretario de Trabajo,\u00a0Omar Yas\u00edn, luego de la pol\u00e9mica generada el fin de semana por los<\/p>\n","protected":false},"author":1,"featured_media":12742,"comment_status":"closed","ping_status":"closed","sticky":false,"template":"","format":"standard","meta":{"footnotes":"","jetpack_publicize_message":"","jetpack_publicize_feature_enabled":true,"jetpack_social_post_already_shared":true,"jetpack_social_options":{"image_generator_settings":{"template":"highway","enabled":false},"version":2}},"categories":[12],"tags":[],"class_list":["post-12741","post","type-post","status-publish","format-standard","has-post-thumbnail","hentry","category-politica"],"jetpack_publicize_connections":[],"_links":{"self":[{"href":"https:\/\/diariorepublica.com.ar\/web\/index.php\/wp-json\/wp\/v2\/posts\/12741"}],"collection":[{"href":"https:\/\/diariorepublica.com.ar\/web\/index.php\/wp-json\/wp\/v2\/posts"}],"about":[{"href":"https:\/\/diariorepublica.com.ar\/web\/index.php\/wp-json\/wp\/v2\/types\/post"}],"author":[{"embeddable":true,"href":"https:\/\/diariorepublica.com.ar\/web\/index.php\/wp-json\/wp\/v2\/users\/1"}],"replies":[{"embeddable":true,"href":"https:\/\/diariorepublica.com.ar\/web\/index.php\/wp-json\/wp\/v2\/comments?post=12741"}],"version-history":[{"count":1,"href":"https:\/\/diariorepublica.com.ar\/web\/index.php\/wp-json\/wp\/v2\/posts\/12741\/revisions"}],"predecessor-version":[{"id":12743,"href":"https:\/\/diariorepublica.com.ar\/web\/index.php\/wp-json\/wp\/v2\/posts\/12741\/revisions\/12743"}],"wp:featuredmedia":[{"embeddable":true,"href":"https:\/\/diariorepublica.com.ar\/web\/index.php\/wp-json\/wp\/v2\/media\/12742"}],"wp:attachment":[{"href":"https:\/\/diariorepublica.com.ar\/web\/index.php\/wp-json\/wp\/v2\/media?parent=12741"}],"wp:term":[{"taxonomy":"category","embeddable":true,"href":"https:\/\/diariorepublica.com.ar\/web\/index.php\/wp-json\/wp\/v2\/categories?post=12741"},{"taxonomy":"post_tag","embeddable":true,"href":"https:\/\/diariorepublica.com.ar\/web\/index.php\/wp-json\/wp\/v2\/tags?post=12741"}],"curies":[{"name":"wp","href":"https:\/\/api.w.org\/{rel}","templated":true}]}}