{"id":12750,"date":"2024-03-12T05:42:00","date_gmt":"2024-03-12T08:42:00","guid":{"rendered":"https:\/\/diariorepublica.com.ar\/web\/?p=12750"},"modified":"2024-03-12T07:42:56","modified_gmt":"2024-03-12T10:42:56","slug":"rodrigo-de-paul-expreso-su-interes-de-jugar-en-los-juegos-olimpicos-de-paris-2024-seria-un-sueno","status":"publish","type":"post","link":"https:\/\/diariorepublica.com.ar\/web\/index.php\/deportes\/2024\/03\/12\/rodrigo-de-paul-expreso-su-interes-de-jugar-en-los-juegos-olimpicos-de-paris-2024-seria-un-sueno\/","title":{"rendered":"Rodrigo De Paul expres\u00f3 su inter\u00e9s de jugar en los Juegos Ol\u00edmpicos de Par\u00eds 2024: \u00abSer\u00eda un sue\u00f1o\u00bb"},"content":{"rendered":"<p>El mediocampista de la Selecci\u00f3n argentina Rodrigo De Paul expres\u00f3 su inter\u00e9s en representar al pa\u00eds en los Juegos Ol\u00edmpicos de Paris 2024, a pesar de las dificultades que podr\u00edan surgir debido a las reglas de su club, el Atl\u00e9tico de Madrid.<\/p>\n<p>En una entrevista con el canal Rumis de YouTube, De Paul afirm\u00f3: \u201cSer\u00eda un sue\u00f1o poder defender a la Selecci\u00f3n en cualquier competencia. Me encantar\u00eda, pero \u201dMasche\u00bb (Javier Mascherano) tiene un mont\u00f3n de jugadores\u00bb.<\/p>\n<p>A pesar de esto, el jugador del Atl\u00e9tico de Madrid asegur\u00f3 que el entrenador de la Sub 23 puede contar con \u00e9l si decide convocarlo.<\/p>\n<p>Hace algunas semanas, Mascherano hab\u00eda expresado su deseo de reforzar el equipo ol\u00edmpico con hasta tres jugadores mayores de 23 a\u00f1os, pero ya confirm\u00f3 la ausencia de \u00c1ngel Di Mar\u00eda, quien opt\u00f3 por dar por finalizado su ciclo con la albiceleste despu\u00e9s de la Copa Am\u00e9rica 2024.<\/p>\n<p><strong>Qu\u00e9 dijo Mascherano sobre las posibles negativas de los clubes<\/strong><\/p>\n<p>\u00abDespu\u00e9s ese deseo hay que llevarlo a la realidad y sabemos que no es f\u00e1cil por los clubes, que tienen el poder de inclinar la balanza por s\u00ed o por no\u00bb, expres\u00f3 Mascherano sobre la chance de tener a los futbolistas que juegan en Europa.<\/p>\n<p>El entrenador reconoci\u00f3 que la posibilidad de Di Mar\u00eda no era viable, ya que el jugador del Benfica hab\u00eda manifestado previamente que la pr\u00f3xima Copa Am\u00e9rica ser\u00eda el cierre de su carrera en la Selecci\u00f3n.<\/p>\n","protected":false},"excerpt":{"rendered":"<p>El mediocampista de la Selecci\u00f3n argentina Rodrigo De Paul expres\u00f3 su inter\u00e9s en representar al pa\u00eds en los Juegos Ol\u00edmpicos<\/p>\n","protected":false},"author":1,"featured_media":12751,"comment_status":"closed","ping_status":"closed","sticky":false,"template":"","format":"standard","meta":{"footnotes":"","jetpack_publicize_message":"","jetpack_publicize_feature_enabled":true,"jetpack_social_post_already_shared":true,"jetpack_social_options":{"image_generator_settings":{"template":"highway","enabled":false},"version":2}},"categories":[9],"tags":[],"class_list":["post-12750","post","type-post","status-publish","format-standard","has-post-thumbnail","hentry","category-deportes"],"jetpack_publicize_connections":[],"_links":{"self":[{"href":"https:\/\/diariorepublica.com.ar\/web\/index.php\/wp-json\/wp\/v2\/posts\/12750"}],"collection":[{"href":"https:\/\/diariorepublica.com.ar\/web\/index.php\/wp-json\/wp\/v2\/posts"}],"about":[{"href":"https:\/\/diariorepublica.com.ar\/web\/index.php\/wp-json\/wp\/v2\/types\/post"}],"author":[{"embeddable":true,"href":"https:\/\/diariorepublica.com.ar\/web\/index.php\/wp-json\/wp\/v2\/users\/1"}],"replies":[{"embeddable":true,"href":"https:\/\/diariorepublica.com.ar\/web\/index.php\/wp-json\/wp\/v2\/comments?post=12750"}],"version-history":[{"count":1,"href":"https:\/\/diariorepublica.com.ar\/web\/index.php\/wp-json\/wp\/v2\/posts\/12750\/revisions"}],"predecessor-version":[{"id":12752,"href":"https:\/\/diariorepublica.com.ar\/web\/index.php\/wp-json\/wp\/v2\/posts\/12750\/revisions\/12752"}],"wp:featuredmedia":[{"embeddable":true,"href":"https:\/\/diariorepublica.com.ar\/web\/index.php\/wp-json\/wp\/v2\/media\/12751"}],"wp:attachment":[{"href":"https:\/\/diariorepublica.com.ar\/web\/index.php\/wp-json\/wp\/v2\/media?parent=12750"}],"wp:term":[{"taxonomy":"category","embeddable":true,"href":"https:\/\/diariorepublica.com.ar\/web\/index.php\/wp-json\/wp\/v2\/categories?post=12750"},{"taxonomy":"post_tag","embeddable":true,"href":"https:\/\/diariorepublica.com.ar\/web\/index.php\/wp-json\/wp\/v2\/tags?post=12750"}],"curies":[{"name":"wp","href":"https:\/\/api.w.org\/{rel}","templated":true}]}}