{"id":12791,"date":"2024-03-13T07:31:53","date_gmt":"2024-03-13T10:31:53","guid":{"rendered":"https:\/\/diariorepublica.com.ar\/web\/?p=12791"},"modified":"2024-03-13T07:31:55","modified_gmt":"2024-03-13T10:31:55","slug":"por-las-altas-temperaturas-autorizan-el-no-uso-del-guardapolvo","status":"publish","type":"post","link":"https:\/\/diariorepublica.com.ar\/web\/index.php\/sociedad\/2024\/03\/13\/por-las-altas-temperaturas-autorizan-el-no-uso-del-guardapolvo\/","title":{"rendered":"Por las altas temperaturas autorizan el \u201cno uso\u201d del guardapolvo"},"content":{"rendered":"<p>El Ministerio de Educaci\u00f3n dio a conocer que contin\u00faa vigente la Circular S.G.E. N\u00b012\/2022 que autoriza a los equipos de conducci\u00f3n de los establecimientos educativos de la provincia a disponer el \u201cno uso del guardapolvo blanco en ni\u00f1os, ni\u00f1as, adolescentes, j\u00f3venes y adultos que integran la comunidad educativa de las instituciones escolares de todos los niveles y modalidades, cuando las temperaturas lo ameriten\u201d.<\/p>\n<p>La medida tiene como \u00fanico prop\u00f3sito el cuidar la salud, evitar golpes de calor y prevenir los trastornos producidos por \u00e9stos en todos los integrantes de la comunidad educativa.<\/p>\n","protected":false},"excerpt":{"rendered":"<p>El Ministerio de Educaci\u00f3n dio a conocer que contin\u00faa vigente la Circular S.G.E. N\u00b012\/2022 que autoriza a los equipos de<\/p>\n","protected":false},"author":2,"featured_media":12793,"comment_status":"closed","ping_status":"closed","sticky":false,"template":"","format":"standard","meta":{"footnotes":"","jetpack_publicize_message":"","jetpack_publicize_feature_enabled":true,"jetpack_social_post_already_shared":true,"jetpack_social_options":{"image_generator_settings":{"template":"highway","enabled":false},"version":2}},"categories":[3],"tags":[],"class_list":["post-12791","post","type-post","status-publish","format-standard","has-post-thumbnail","hentry","category-sociedad"],"jetpack_publicize_connections":[],"_links":{"self":[{"href":"https:\/\/diariorepublica.com.ar\/web\/index.php\/wp-json\/wp\/v2\/posts\/12791"}],"collection":[{"href":"https:\/\/diariorepublica.com.ar\/web\/index.php\/wp-json\/wp\/v2\/posts"}],"about":[{"href":"https:\/\/diariorepublica.com.ar\/web\/index.php\/wp-json\/wp\/v2\/types\/post"}],"author":[{"embeddable":true,"href":"https:\/\/diariorepublica.com.ar\/web\/index.php\/wp-json\/wp\/v2\/users\/2"}],"replies":[{"embeddable":true,"href":"https:\/\/diariorepublica.com.ar\/web\/index.php\/wp-json\/wp\/v2\/comments?post=12791"}],"version-history":[{"count":1,"href":"https:\/\/diariorepublica.com.ar\/web\/index.php\/wp-json\/wp\/v2\/posts\/12791\/revisions"}],"predecessor-version":[{"id":12794,"href":"https:\/\/diariorepublica.com.ar\/web\/index.php\/wp-json\/wp\/v2\/posts\/12791\/revisions\/12794"}],"wp:featuredmedia":[{"embeddable":true,"href":"https:\/\/diariorepublica.com.ar\/web\/index.php\/wp-json\/wp\/v2\/media\/12793"}],"wp:attachment":[{"href":"https:\/\/diariorepublica.com.ar\/web\/index.php\/wp-json\/wp\/v2\/media?parent=12791"}],"wp:term":[{"taxonomy":"category","embeddable":true,"href":"https:\/\/diariorepublica.com.ar\/web\/index.php\/wp-json\/wp\/v2\/categories?post=12791"},{"taxonomy":"post_tag","embeddable":true,"href":"https:\/\/diariorepublica.com.ar\/web\/index.php\/wp-json\/wp\/v2\/tags?post=12791"}],"curies":[{"name":"wp","href":"https:\/\/api.w.org\/{rel}","templated":true}]}}