{"id":12795,"date":"2024-03-13T07:45:09","date_gmt":"2024-03-13T10:45:09","guid":{"rendered":"https:\/\/diariorepublica.com.ar\/web\/?p=12795"},"modified":"2024-03-13T07:45:11","modified_gmt":"2024-03-13T10:45:11","slug":"se-cumple-el-paro-de-transporte-publico","status":"publish","type":"post","link":"https:\/\/diariorepublica.com.ar\/web\/index.php\/sociedad\/2024\/03\/13\/se-cumple-el-paro-de-transporte-publico\/","title":{"rendered":"Se cumple el paro de transporte p\u00fablico"},"content":{"rendered":"<p>La Uni\u00f3n Tranviarios Automotor (UTA) anunci\u00f3 un nuevo paro de colectivos en el interior del pa\u00eds tras no llegar a un acuerdo paritario con el Gobierno y empresarios del sector.\u00a0 En el comunicado, el gremio inform\u00f3 que la medida de fuerza durar\u00e1 48 horas y ser\u00e1 hoy y ma\u00f1ana.<\/p>\n<p>La delegaci\u00f3n local del gremio de UTA decidi\u00f3 adherir a la medida ya que no lograron cerrar la mejora salarial con las empresas. Para hoy est\u00e1 prevista una reuni\u00f3n con el Gobierno para definir el nuevo incremento para el transporte, pero est\u00e1 pendiente el aumento salarial para los choferes.<\/p>\n","protected":false},"excerpt":{"rendered":"<p>La Uni\u00f3n Tranviarios Automotor (UTA) anunci\u00f3 un nuevo paro de colectivos en el interior del pa\u00eds tras no llegar a<\/p>\n","protected":false},"author":2,"featured_media":12796,"comment_status":"closed","ping_status":"closed","sticky":false,"template":"","format":"standard","meta":{"footnotes":"","jetpack_publicize_message":"","jetpack_publicize_feature_enabled":true,"jetpack_social_post_already_shared":true,"jetpack_social_options":{"image_generator_settings":{"template":"highway","enabled":false},"version":2}},"categories":[3],"tags":[],"class_list":["post-12795","post","type-post","status-publish","format-standard","has-post-thumbnail","hentry","category-sociedad"],"jetpack_publicize_connections":[],"_links":{"self":[{"href":"https:\/\/diariorepublica.com.ar\/web\/index.php\/wp-json\/wp\/v2\/posts\/12795"}],"collection":[{"href":"https:\/\/diariorepublica.com.ar\/web\/index.php\/wp-json\/wp\/v2\/posts"}],"about":[{"href":"https:\/\/diariorepublica.com.ar\/web\/index.php\/wp-json\/wp\/v2\/types\/post"}],"author":[{"embeddable":true,"href":"https:\/\/diariorepublica.com.ar\/web\/index.php\/wp-json\/wp\/v2\/users\/2"}],"replies":[{"embeddable":true,"href":"https:\/\/diariorepublica.com.ar\/web\/index.php\/wp-json\/wp\/v2\/comments?post=12795"}],"version-history":[{"count":1,"href":"https:\/\/diariorepublica.com.ar\/web\/index.php\/wp-json\/wp\/v2\/posts\/12795\/revisions"}],"predecessor-version":[{"id":12797,"href":"https:\/\/diariorepublica.com.ar\/web\/index.php\/wp-json\/wp\/v2\/posts\/12795\/revisions\/12797"}],"wp:featuredmedia":[{"embeddable":true,"href":"https:\/\/diariorepublica.com.ar\/web\/index.php\/wp-json\/wp\/v2\/media\/12796"}],"wp:attachment":[{"href":"https:\/\/diariorepublica.com.ar\/web\/index.php\/wp-json\/wp\/v2\/media?parent=12795"}],"wp:term":[{"taxonomy":"category","embeddable":true,"href":"https:\/\/diariorepublica.com.ar\/web\/index.php\/wp-json\/wp\/v2\/categories?post=12795"},{"taxonomy":"post_tag","embeddable":true,"href":"https:\/\/diariorepublica.com.ar\/web\/index.php\/wp-json\/wp\/v2\/tags?post=12795"}],"curies":[{"name":"wp","href":"https:\/\/api.w.org\/{rel}","templated":true}]}}