{"id":12798,"date":"2024-03-13T07:48:09","date_gmt":"2024-03-13T10:48:09","guid":{"rendered":"https:\/\/diariorepublica.com.ar\/web\/?p=12798"},"modified":"2024-03-13T07:48:12","modified_gmt":"2024-03-13T10:48:12","slug":"libertario-propone-una-legislatura-unicameral-para-reducir-gastos","status":"publish","type":"post","link":"https:\/\/diariorepublica.com.ar\/web\/index.php\/politica\/2024\/03\/13\/libertario-propone-una-legislatura-unicameral-para-reducir-gastos\/","title":{"rendered":"Libertario propone una Legislatura Unicameral para reducir gastos"},"content":{"rendered":"<p>El diputado provincial Federico Lencina (LLA) consider\u00f3 que la Provincia deber\u00eda pasar a un sistema unicameral para reducir gastos, si es que ese es el objetivo del Gobierno en su iniciativa de reducir a 31 el n\u00famero de diputados provinciales. \u201cHay que eliminar muchos privilegios, como los vales de combustible y vi\u00e1ticos\u201d<\/p>\n<p>\u201cSi el oficialismo provincial propone bajar a 31 la cantidad de diputados, me imagino que estar\u00e1n de acuerdo conmigo en disminuir los sueldos pol\u00edticos a la mitad. O m\u00ednimamente congelarlos y eliminar privilegios, como por ejemplo los vi\u00e1ticos, vales de combustible, entre otros. No s\u00f3lo pasa por la cantidad de legisladores, sino por el gasto excesivo que genera la pol\u00edtica sin tener ning\u00fan gesto hacia los contribuyentes\u201d<\/p>\n<p>\u00a0<\/p>\n","protected":false},"excerpt":{"rendered":"<p>El diputado provincial Federico Lencina (LLA) consider\u00f3 que la Provincia deber\u00eda pasar a un sistema unicameral para reducir gastos, si<\/p>\n","protected":false},"author":2,"featured_media":12799,"comment_status":"closed","ping_status":"closed","sticky":false,"template":"","format":"standard","meta":{"footnotes":"","jetpack_publicize_message":"","jetpack_publicize_feature_enabled":true,"jetpack_social_post_already_shared":true,"jetpack_social_options":{"image_generator_settings":{"template":"highway","enabled":false},"version":2}},"categories":[12],"tags":[],"class_list":["post-12798","post","type-post","status-publish","format-standard","has-post-thumbnail","hentry","category-politica"],"jetpack_publicize_connections":[],"_links":{"self":[{"href":"https:\/\/diariorepublica.com.ar\/web\/index.php\/wp-json\/wp\/v2\/posts\/12798"}],"collection":[{"href":"https:\/\/diariorepublica.com.ar\/web\/index.php\/wp-json\/wp\/v2\/posts"}],"about":[{"href":"https:\/\/diariorepublica.com.ar\/web\/index.php\/wp-json\/wp\/v2\/types\/post"}],"author":[{"embeddable":true,"href":"https:\/\/diariorepublica.com.ar\/web\/index.php\/wp-json\/wp\/v2\/users\/2"}],"replies":[{"embeddable":true,"href":"https:\/\/diariorepublica.com.ar\/web\/index.php\/wp-json\/wp\/v2\/comments?post=12798"}],"version-history":[{"count":1,"href":"https:\/\/diariorepublica.com.ar\/web\/index.php\/wp-json\/wp\/v2\/posts\/12798\/revisions"}],"predecessor-version":[{"id":12800,"href":"https:\/\/diariorepublica.com.ar\/web\/index.php\/wp-json\/wp\/v2\/posts\/12798\/revisions\/12800"}],"wp:featuredmedia":[{"embeddable":true,"href":"https:\/\/diariorepublica.com.ar\/web\/index.php\/wp-json\/wp\/v2\/media\/12799"}],"wp:attachment":[{"href":"https:\/\/diariorepublica.com.ar\/web\/index.php\/wp-json\/wp\/v2\/media?parent=12798"}],"wp:term":[{"taxonomy":"category","embeddable":true,"href":"https:\/\/diariorepublica.com.ar\/web\/index.php\/wp-json\/wp\/v2\/categories?post=12798"},{"taxonomy":"post_tag","embeddable":true,"href":"https:\/\/diariorepublica.com.ar\/web\/index.php\/wp-json\/wp\/v2\/tags?post=12798"}],"curies":[{"name":"wp","href":"https:\/\/api.w.org\/{rel}","templated":true}]}}