{"id":12814,"date":"2024-03-14T07:04:51","date_gmt":"2024-03-14T10:04:51","guid":{"rendered":"https:\/\/diariorepublica.com.ar\/web\/?p=12814"},"modified":"2024-03-14T07:04:53","modified_gmt":"2024-03-14T10:04:53","slug":"la-justicia-ordeno-paralizar-la-actividad-minera","status":"publish","type":"post","link":"https:\/\/diariorepublica.com.ar\/web\/index.php\/politica\/2024\/03\/14\/la-justicia-ordeno-paralizar-la-actividad-minera\/","title":{"rendered":"La Justicia orden\u00f3 paralizar la actividad minera"},"content":{"rendered":"<p>La Corte de Justicia dict\u00f3 sentencia en una acci\u00f3n de amparo ambiental que fue iniciada por el cacique Rom\u00e1n El\u00edas Guitian en el a\u00f1o 2021. El m\u00e1ximo tribunal resolvi\u00f3 hacer lugar parcialmente a la medida cautelar solicitada y ordena que la Provincia se abstenga de otorgar nuevos permisos y\/o autorizaciones en la zona del r\u00edo Los Patos, Salar del Hombre Muerto hasta que se realice un nuevo estudio de impacto ambiental \u201cacumulativo e integral\u201d por todos los proyectos de litio que se desarrollan en la zona. El fallo fue dividido.<\/p>\n<p>En la sentencia, la Corte ordena al Ministerio de Miner\u00eda la realizaci\u00f3n de un estudio de impacto ambiental acumulativo e integral del desarrollo de la actividad minera (litio), \u201cque deber\u00e1 versar sobre el impacto ambiental acumulado sobre el R\u00edo Los Patos &#8211; Salar del Hombre Muerto &#8211; departamento. Antofagasta de la Sierra, sobre el paisaje, la fauna y flora del lugar, el clima y el ambiente en general, como las condiciones de vida de los habitantes del lugar y de la comunidad ind\u00edgena afectadas\u201d, indica la sentencia.<\/p>\n<p>El punto m\u00e1s duro de la sentencia para el Gobierno es cuando establece que \u201cdeber\u00e1 abstenerse el Ministerio de Miner\u00eda de la Provincia de Catamarca y el Ministerio de Agua, Energ\u00eda y Medio Ambiente, de otorgar nuevos permisos\/autorizaciones, o declaraci\u00f3n de impacto ambiental (en los t\u00e9rminos del C\u00f3digo de Miner\u00eda y Ley de Aguas de la Provincia) con respecto a obras u actividades en el R\u00edo Los Patos &#8211; Salar del Hombre Muerto, departamento Antofagasta de la Sierra, hasta tanto se cumpla con la realizaci\u00f3n del estudio de impacto ambiental acumulativo e integral.<\/p>\n<p>El fallo fue dividido. La presidenta de la Corte, Fernanda Rosales, rechaz\u00f3 el pedido de suspender los permisos y autorizaciones que ya fueron concedidos, pero s\u00ed se pronunci\u00f3 a favor del estudio de impacto ambiental integral y acumulativo. En tanto que el ministro Miguel Figueroa Vicario vot\u00f3 por aceptar la medida cautelar, en los t\u00e9rminos en los que finalmente sali\u00f3 el fallo, y tuvo la adhesi\u00f3n de Fabiana G\u00f3mez, Rita Ver\u00f3nica Salda\u00f1o, Hern\u00e1n Martel y Marcela Soria Acu\u00f1a (jueza subrogante). En tanto que el ministro Jos\u00e9 Ricardo C\u00e1ceres se pronunci\u00f3 por la suspensi\u00f3n de los permisos que ya fueron otorgados.<\/p>\n","protected":false},"excerpt":{"rendered":"<p>La Corte de Justicia dict\u00f3 sentencia en una acci\u00f3n de amparo ambiental que fue iniciada por el cacique Rom\u00e1n El\u00edas<\/p>\n","protected":false},"author":2,"featured_media":12815,"comment_status":"closed","ping_status":"closed","sticky":false,"template":"","format":"standard","meta":{"footnotes":"","jetpack_publicize_message":"","jetpack_publicize_feature_enabled":true,"jetpack_social_post_already_shared":true,"jetpack_social_options":{"image_generator_settings":{"template":"highway","enabled":false},"version":2}},"categories":[12],"tags":[],"class_list":["post-12814","post","type-post","status-publish","format-standard","has-post-thumbnail","hentry","category-politica"],"jetpack_publicize_connections":[],"_links":{"self":[{"href":"https:\/\/diariorepublica.com.ar\/web\/index.php\/wp-json\/wp\/v2\/posts\/12814"}],"collection":[{"href":"https:\/\/diariorepublica.com.ar\/web\/index.php\/wp-json\/wp\/v2\/posts"}],"about":[{"href":"https:\/\/diariorepublica.com.ar\/web\/index.php\/wp-json\/wp\/v2\/types\/post"}],"author":[{"embeddable":true,"href":"https:\/\/diariorepublica.com.ar\/web\/index.php\/wp-json\/wp\/v2\/users\/2"}],"replies":[{"embeddable":true,"href":"https:\/\/diariorepublica.com.ar\/web\/index.php\/wp-json\/wp\/v2\/comments?post=12814"}],"version-history":[{"count":1,"href":"https:\/\/diariorepublica.com.ar\/web\/index.php\/wp-json\/wp\/v2\/posts\/12814\/revisions"}],"predecessor-version":[{"id":12816,"href":"https:\/\/diariorepublica.com.ar\/web\/index.php\/wp-json\/wp\/v2\/posts\/12814\/revisions\/12816"}],"wp:featuredmedia":[{"embeddable":true,"href":"https:\/\/diariorepublica.com.ar\/web\/index.php\/wp-json\/wp\/v2\/media\/12815"}],"wp:attachment":[{"href":"https:\/\/diariorepublica.com.ar\/web\/index.php\/wp-json\/wp\/v2\/media?parent=12814"}],"wp:term":[{"taxonomy":"category","embeddable":true,"href":"https:\/\/diariorepublica.com.ar\/web\/index.php\/wp-json\/wp\/v2\/categories?post=12814"},{"taxonomy":"post_tag","embeddable":true,"href":"https:\/\/diariorepublica.com.ar\/web\/index.php\/wp-json\/wp\/v2\/tags?post=12814"}],"curies":[{"name":"wp","href":"https:\/\/api.w.org\/{rel}","templated":true}]}}