{"id":12817,"date":"2024-03-14T07:11:03","date_gmt":"2024-03-14T10:11:03","guid":{"rendered":"https:\/\/diariorepublica.com.ar\/web\/?p=12817"},"modified":"2024-03-14T07:11:05","modified_gmt":"2024-03-14T10:11:05","slug":"aumento-para-universidades","status":"publish","type":"post","link":"https:\/\/diariorepublica.com.ar\/web\/index.php\/sociedad\/2024\/03\/14\/aumento-para-universidades\/","title":{"rendered":"Aumento para universidades"},"content":{"rendered":"<p>En el contexto de las recientes tensiones entre los gremios universitarios y el gobierno de Javier Milei por la financiaci\u00f3n de la educaci\u00f3n superior, el Ejecutivo respondi\u00f3 con la oficializaci\u00f3n de una suba \u00abdel 70% del presupuesto para las universidades\u00bb, que busca descomprimir la situaci\u00f3n.<\/p>\n<p>El Ministerio de Capital Humano, a cargo de Sandra Pettovello, confirm\u00f3 ese incremento de manera oficial \u00abpara gastos de funcionamiento de las universidades\u00bb.\u00a0 \u00abLa medida fue impulsada por la Secretar\u00eda de Educaci\u00f3n con el fin de afrontar la suba de tarifas de servicio como electricidad, gas e insumos de mantenimiento\u00bb, indic\u00f3 la cartera de Pettovello.<\/p>\n","protected":false},"excerpt":{"rendered":"<p>En el contexto de las recientes tensiones entre los gremios universitarios y el gobierno de Javier Milei por la financiaci\u00f3n<\/p>\n","protected":false},"author":2,"featured_media":12818,"comment_status":"closed","ping_status":"closed","sticky":false,"template":"","format":"standard","meta":{"footnotes":"","jetpack_publicize_message":"","jetpack_publicize_feature_enabled":true,"jetpack_social_post_already_shared":true,"jetpack_social_options":{"image_generator_settings":{"template":"highway","enabled":false},"version":2}},"categories":[3],"tags":[],"class_list":["post-12817","post","type-post","status-publish","format-standard","has-post-thumbnail","hentry","category-sociedad"],"jetpack_publicize_connections":[],"_links":{"self":[{"href":"https:\/\/diariorepublica.com.ar\/web\/index.php\/wp-json\/wp\/v2\/posts\/12817"}],"collection":[{"href":"https:\/\/diariorepublica.com.ar\/web\/index.php\/wp-json\/wp\/v2\/posts"}],"about":[{"href":"https:\/\/diariorepublica.com.ar\/web\/index.php\/wp-json\/wp\/v2\/types\/post"}],"author":[{"embeddable":true,"href":"https:\/\/diariorepublica.com.ar\/web\/index.php\/wp-json\/wp\/v2\/users\/2"}],"replies":[{"embeddable":true,"href":"https:\/\/diariorepublica.com.ar\/web\/index.php\/wp-json\/wp\/v2\/comments?post=12817"}],"version-history":[{"count":1,"href":"https:\/\/diariorepublica.com.ar\/web\/index.php\/wp-json\/wp\/v2\/posts\/12817\/revisions"}],"predecessor-version":[{"id":12819,"href":"https:\/\/diariorepublica.com.ar\/web\/index.php\/wp-json\/wp\/v2\/posts\/12817\/revisions\/12819"}],"wp:featuredmedia":[{"embeddable":true,"href":"https:\/\/diariorepublica.com.ar\/web\/index.php\/wp-json\/wp\/v2\/media\/12818"}],"wp:attachment":[{"href":"https:\/\/diariorepublica.com.ar\/web\/index.php\/wp-json\/wp\/v2\/media?parent=12817"}],"wp:term":[{"taxonomy":"category","embeddable":true,"href":"https:\/\/diariorepublica.com.ar\/web\/index.php\/wp-json\/wp\/v2\/categories?post=12817"},{"taxonomy":"post_tag","embeddable":true,"href":"https:\/\/diariorepublica.com.ar\/web\/index.php\/wp-json\/wp\/v2\/tags?post=12817"}],"curies":[{"name":"wp","href":"https:\/\/api.w.org\/{rel}","templated":true}]}}