{"id":1282,"date":"2023-04-12T07:41:04","date_gmt":"2023-04-12T10:41:04","guid":{"rendered":"https:\/\/diariorepublica.com.ar\/web\/?p=1282"},"modified":"2023-04-12T07:41:05","modified_gmt":"2023-04-12T10:41:05","slug":"spot-insolito-candidato-a-intendente-tucumano-propone-cagar-en-un-bano-decente","status":"publish","type":"post","link":"https:\/\/diariorepublica.com.ar\/web\/index.php\/nacionales\/2023\/04\/12\/spot-insolito-candidato-a-intendente-tucumano-propone-cagar-en-un-bano-decente\/","title":{"rendered":"Spot ins\u00f3lito:\u00a0candidato a intendente tucumano propone \u00abcagar en un ba\u00f1o decente\u201d"},"content":{"rendered":"<p>En la provincia de\u00a0<strong>Tucum\u00e1n<\/strong>\u00a0se difundi\u00f3 un\u00a0<strong>curioso spot publicitario<\/strong>\u00a0en el marco de la\u00a0<strong>campa\u00f1a electoral<\/strong>. Fue con el mensaje de\u00a0<strong>Enrique Lazarte<\/strong>, el candidato a intendente de la localidad de\u00a0<strong>Taf\u00ed Viejo<\/strong>, quien lanz\u00f3 un\u00a0<strong>video<\/strong>\u00a0con una propuesta para instalar sanitarios y\u00a0<strong>que todos los tucumanos y tucumanas puedan \u00abcagar en un ba\u00f1o decente\u00bb.<\/strong><\/p>\n<p>En el\u00a0<strong>spot<\/strong>, el postulante muestra que en la ciudad muchas calles no est\u00e1n asfaltadas y algunos vecinos no tienen ba\u00f1os.<\/p>\n<p>\u201c<strong>Seguramente vos ten\u00e9s un lugar donde ir a cagar.<\/strong>\u00a0Pero m\u00e1s mil familias en Taf\u00ed no tienen agua ni ba\u00f1o\u201d, asegura el candidato tucumano.<\/p>\n<div class=\"twitter-tweet twitter-tweet-rendered\"><iframe id=\"twitter-widget-0\" class=\"\" title=\"Twitter Tweet\" src=\"https:\/\/platform.twitter.com\/embed\/Tweet.html?creatorScreenName=canal26noticias&amp;dnt=false&amp;embedId=twitter-widget-0&amp;features=eyJ0ZndfdGltZWxpbmVfbGlzdCI6eyJidWNrZXQiOltdLCJ2ZXJzaW9uIjpudWxsfSwidGZ3X2ZvbGxvd2VyX2NvdW50X3N1bnNldCI6eyJidWNrZXQiOnRydWUsInZlcnNpb24iOm51bGx9LCJ0ZndfdHdlZXRfZWRpdF9iYWNrZW5kIjp7ImJ1Y2tldCI6Im9uIiwidmVyc2lvbiI6bnVsbH0sInRmd19yZWZzcmNfc2Vzc2lvbiI6eyJidWNrZXQiOiJvbiIsInZlcnNpb24iOm51bGx9LCJ0ZndfbWl4ZWRfbWVkaWFfMTU4OTciOnsiYnVja2V0IjoidHJlYXRtZW50IiwidmVyc2lvbiI6bnVsbH0sInRmd19leHBlcmltZW50c19jb29raWVfZXhwaXJhdGlvbiI6eyJidWNrZXQiOjEyMDk2MDAsInZlcnNpb24iOm51bGx9LCJ0ZndfZHVwbGljYXRlX3NjcmliZXNfdG9fc2V0dGluZ3MiOnsiYnVja2V0Ijoib24iLCJ2ZXJzaW9uIjpudWxsfSwidGZ3X3ZpZGVvX2hsc19keW5hbWljX21hbmlmZXN0c18xNTA4MiI6eyJidWNrZXQiOiJ0cnVlX2JpdHJhdGUiLCJ2ZXJzaW9uIjpudWxsfSwidGZ3X2xlZ2FjeV90aW1lbGluZV9zdW5zZXQiOnsiYnVja2V0Ijp0cnVlLCJ2ZXJzaW9uIjpudWxsfSwidGZ3X3R3ZWV0X2VkaXRfZnJvbnRlbmQiOnsiYnVja2V0Ijoib24iLCJ2ZXJzaW9uIjpudWxsfX0%3D&amp;frame=false&amp;hideCard=false&amp;hideThread=false&amp;id=1645892940412092416&amp;lang=es&amp;origin=https%3A%2F%2Fwww.canal26.com%2Fpolitica%2Fspot-insolito-candidato-a-intendente-tucumano-propone-cagar-en-un-bano-decente--339867&amp;sessionId=20924258b5155b01477652f96e80f24ae7aef7f9&amp;siteScreenName=canal26noticias&amp;theme=light&amp;widgetsVersion=aaf4084522e3a%3A1674595607486&amp;width=550px\" frameborder=\"0\" scrolling=\"no\" allowfullscreen=\"allowfullscreen\" data-gtm-yt-inspected-9=\"true\" data-tweet-id=\"1645892940412092416\" data-mce-fragment=\"1\"><\/iframe><\/div>\n<p>En el spot, que dura 51 segundos, Lazarte asegura: \u201cSeguramente el intendente y su se\u00f1ora tambi\u00e9n tienen un lugar donde ir a cagar y debe ser muy lindo.\u00a0<strong>Pero m\u00e1s de mil familias tafice\u00f1as no tienen esa posibilidad<\/strong>\u201d.<\/p>\n<p>El candidato\u00a0<strong>apunt\u00f3 contra el actual jefe comunal<\/strong>\u00a0y se\u00f1al\u00f3 que su gesti\u00f3n no logr\u00f3 terminar con el problema durante los \u00faltimos ocho a\u00f1os.<\/p>\n<p>Y agreg\u00f3: \u201cUna de las primeras medidas que voy a tomar cuando asuma es poner en marcha el\u00a0<strong>programa \u2018ba\u00f1os dignos\u2019<\/strong>\u00a0que consiste en construir los mil sanitarios que faltan en Taf\u00ed en tiempo r\u00e9cord para que todos tengamos la posibilidad de ir a cagar a un\u00a0<strong>ba\u00f1o decente<\/strong>\u201d.<\/p>\n","protected":false},"excerpt":{"rendered":"<p>En la provincia de\u00a0Tucum\u00e1n\u00a0se difundi\u00f3 un\u00a0curioso spot publicitario\u00a0en el marco de la\u00a0campa\u00f1a electoral. Fue con el mensaje de\u00a0Enrique Lazarte, el<\/p>\n","protected":false},"author":1,"featured_media":1283,"comment_status":"closed","ping_status":"closed","sticky":false,"template":"","format":"standard","meta":{"footnotes":"","jetpack_publicize_message":"","jetpack_publicize_feature_enabled":true,"jetpack_social_post_already_shared":false,"jetpack_social_options":{"image_generator_settings":{"template":"highway","enabled":false},"version":2}},"categories":[4],"tags":[],"class_list":["post-1282","post","type-post","status-publish","format-standard","has-post-thumbnail","hentry","category-nacionales"],"jetpack_publicize_connections":[],"_links":{"self":[{"href":"https:\/\/diariorepublica.com.ar\/web\/index.php\/wp-json\/wp\/v2\/posts\/1282"}],"collection":[{"href":"https:\/\/diariorepublica.com.ar\/web\/index.php\/wp-json\/wp\/v2\/posts"}],"about":[{"href":"https:\/\/diariorepublica.com.ar\/web\/index.php\/wp-json\/wp\/v2\/types\/post"}],"author":[{"embeddable":true,"href":"https:\/\/diariorepublica.com.ar\/web\/index.php\/wp-json\/wp\/v2\/users\/1"}],"replies":[{"embeddable":true,"href":"https:\/\/diariorepublica.com.ar\/web\/index.php\/wp-json\/wp\/v2\/comments?post=1282"}],"version-history":[{"count":1,"href":"https:\/\/diariorepublica.com.ar\/web\/index.php\/wp-json\/wp\/v2\/posts\/1282\/revisions"}],"predecessor-version":[{"id":1284,"href":"https:\/\/diariorepublica.com.ar\/web\/index.php\/wp-json\/wp\/v2\/posts\/1282\/revisions\/1284"}],"wp:featuredmedia":[{"embeddable":true,"href":"https:\/\/diariorepublica.com.ar\/web\/index.php\/wp-json\/wp\/v2\/media\/1283"}],"wp:attachment":[{"href":"https:\/\/diariorepublica.com.ar\/web\/index.php\/wp-json\/wp\/v2\/media?parent=1282"}],"wp:term":[{"taxonomy":"category","embeddable":true,"href":"https:\/\/diariorepublica.com.ar\/web\/index.php\/wp-json\/wp\/v2\/categories?post=1282"},{"taxonomy":"post_tag","embeddable":true,"href":"https:\/\/diariorepublica.com.ar\/web\/index.php\/wp-json\/wp\/v2\/tags?post=1282"}],"curies":[{"name":"wp","href":"https:\/\/api.w.org\/{rel}","templated":true}]}}