{"id":12820,"date":"2024-03-14T07:16:51","date_gmt":"2024-03-14T10:16:51","guid":{"rendered":"https:\/\/diariorepublica.com.ar\/web\/?p=12820"},"modified":"2024-03-14T07:16:54","modified_gmt":"2024-03-14T10:16:54","slug":"insolito-los-altos-tiene-dos-concejos-paralelos","status":"publish","type":"post","link":"https:\/\/diariorepublica.com.ar\/web\/index.php\/locales\/2024\/03\/14\/insolito-los-altos-tiene-dos-concejos-paralelos\/","title":{"rendered":"Ins\u00f3lito: Los Altos tiene dos Concejos paralelos"},"content":{"rendered":"<p>La pol\u00e9mica contin\u00faa en Los Altos y ahora tiene dos Concejos Deliberante. El mi\u00e9rcoles \u00faltimo, las concejalas Eliana Moreira, Nora Fern\u00e1ndez y Rodrigo Reynoso se reunieron, llegaron a un acuerdo y le restituyeron la presidencia a Moreira. Por otra parte, Carlos \u00abKiki\u00bb Olveira convoc\u00f3 al suplente de Nora Fern\u00e1ndez, Francisco Carrizo, y constituy\u00f3 otro Concejo Deliberante.<\/p>\n<p>Los concejales del oficialismo sesionaron en el Sal\u00f3n de Usos M\u00faltiples de Manantiales y son los que tienen la bendici\u00f3n del intendente Ra\u00fal Barot, tras un conflicto en el seno del oficialismo.<\/p>\n<p>En el edificio del Concejo Deliberante qued\u00f3 el concejal Carlos \u00abKiki\u00bb Olveira junto a Gabriela Lobo Vergara. Olveira explic\u00f3 que la sesi\u00f3n para la elecci\u00f3n de las autoridades ya se realiz\u00f3 en enero cuando result\u00f3 electo como presidente del cuerpo con la participaci\u00f3n de Eliana Moreira<\/p>\n<p>Sostuvo que las autoridades fueron ratificadas con el inicio de las sesiones ordinarias en febrero. Ayer, ante la ausencia de sus pares, Olveira resolvi\u00f3 aplicar una suspensi\u00f3n a Nora Fern\u00e1ndez ya que ten\u00eda m\u00e1s de seis ausencias consecutivas. Ante la situaci\u00f3n convoc\u00f3 al concejal suplente, Francisco Carrizo, quien regres\u00f3 al cuerpo.<\/p>\n<p>Carrizo fue el suplente de Olveira cuando hab\u00eda sido destituido del Concejo Deliberante.<\/p>\n<p>\u00abEl \u00fanico que tiene condiciones para llamar a sesi\u00f3n es el presidente del Concejo. Entonces, todas estas sesiones que son tra\u00eddas de los pelos no tienen ninguna validez\u00bb, expres\u00f3 el edil.<\/p>\n<p>Olveira sostuvo que todas estas maniobras se producen porque el intendente Ra\u00fal Barot no quiere que presida el Concejo Deliberante.<\/p>\n","protected":false},"excerpt":{"rendered":"<p>La pol\u00e9mica contin\u00faa en Los Altos y ahora tiene dos Concejos Deliberante. El mi\u00e9rcoles \u00faltimo, las concejalas Eliana Moreira, Nora<\/p>\n","protected":false},"author":2,"featured_media":12821,"comment_status":"closed","ping_status":"closed","sticky":false,"template":"","format":"standard","meta":{"footnotes":"","jetpack_publicize_message":"","jetpack_publicize_feature_enabled":true,"jetpack_social_post_already_shared":true,"jetpack_social_options":{"image_generator_settings":{"template":"highway","enabled":false},"version":2}},"categories":[2],"tags":[],"class_list":["post-12820","post","type-post","status-publish","format-standard","has-post-thumbnail","hentry","category-locales"],"jetpack_publicize_connections":[],"_links":{"self":[{"href":"https:\/\/diariorepublica.com.ar\/web\/index.php\/wp-json\/wp\/v2\/posts\/12820"}],"collection":[{"href":"https:\/\/diariorepublica.com.ar\/web\/index.php\/wp-json\/wp\/v2\/posts"}],"about":[{"href":"https:\/\/diariorepublica.com.ar\/web\/index.php\/wp-json\/wp\/v2\/types\/post"}],"author":[{"embeddable":true,"href":"https:\/\/diariorepublica.com.ar\/web\/index.php\/wp-json\/wp\/v2\/users\/2"}],"replies":[{"embeddable":true,"href":"https:\/\/diariorepublica.com.ar\/web\/index.php\/wp-json\/wp\/v2\/comments?post=12820"}],"version-history":[{"count":1,"href":"https:\/\/diariorepublica.com.ar\/web\/index.php\/wp-json\/wp\/v2\/posts\/12820\/revisions"}],"predecessor-version":[{"id":12822,"href":"https:\/\/diariorepublica.com.ar\/web\/index.php\/wp-json\/wp\/v2\/posts\/12820\/revisions\/12822"}],"wp:featuredmedia":[{"embeddable":true,"href":"https:\/\/diariorepublica.com.ar\/web\/index.php\/wp-json\/wp\/v2\/media\/12821"}],"wp:attachment":[{"href":"https:\/\/diariorepublica.com.ar\/web\/index.php\/wp-json\/wp\/v2\/media?parent=12820"}],"wp:term":[{"taxonomy":"category","embeddable":true,"href":"https:\/\/diariorepublica.com.ar\/web\/index.php\/wp-json\/wp\/v2\/categories?post=12820"},{"taxonomy":"post_tag","embeddable":true,"href":"https:\/\/diariorepublica.com.ar\/web\/index.php\/wp-json\/wp\/v2\/tags?post=12820"}],"curies":[{"name":"wp","href":"https:\/\/api.w.org\/{rel}","templated":true}]}}