{"id":12823,"date":"2024-03-14T07:19:57","date_gmt":"2024-03-14T10:19:57","guid":{"rendered":"https:\/\/diariorepublica.com.ar\/web\/?p=12823"},"modified":"2024-03-14T07:19:59","modified_gmt":"2024-03-14T10:19:59","slug":"jalil-evalua-declarar-la-emergencia-economica","status":"publish","type":"post","link":"https:\/\/diariorepublica.com.ar\/web\/index.php\/politica\/2024\/03\/14\/jalil-evalua-declarar-la-emergencia-economica\/","title":{"rendered":"Jalil eval\u00faa declarar la emergencia econ\u00f3mica"},"content":{"rendered":"<p>El gobernador de la provincia, Ra\u00fal Jalil, asegur\u00f3 que prev\u00e9 presentar un proyecto para declarar emergencia en la provincia, ante el recorte de fondos por parte del gobierno de Javier Milei.<\/p>\n<p>\u201cEstamos evaluando y vamos a tener una reuni\u00f3n en los pr\u00f3ximos d\u00edas porque dentro de la extraordinaria. Si esto sigue as\u00ed, estamos pensando enviar un proyecto de ley sobre emergencia econ\u00f3mica\u201d<\/p>\n<p>Las palabras de Jalil se dan en el marco de una fuerte ca\u00edda en la recaudaci\u00f3n en el primer bimestre del a\u00f1o. \u201cCatamarca, en enero y febrero, entre la recaudaci\u00f3n nacional proyectada y la recibida hemos tenido una disminuci\u00f3n de 17 mil millones de pesos\u201d<\/p>\n","protected":false},"excerpt":{"rendered":"<p>El gobernador de la provincia, Ra\u00fal Jalil, asegur\u00f3 que prev\u00e9 presentar un proyecto para declarar emergencia en la provincia, ante<\/p>\n","protected":false},"author":2,"featured_media":12824,"comment_status":"closed","ping_status":"closed","sticky":false,"template":"","format":"standard","meta":{"footnotes":"","jetpack_publicize_message":"","jetpack_publicize_feature_enabled":true,"jetpack_social_post_already_shared":true,"jetpack_social_options":{"image_generator_settings":{"template":"highway","enabled":false},"version":2}},"categories":[12],"tags":[],"class_list":["post-12823","post","type-post","status-publish","format-standard","has-post-thumbnail","hentry","category-politica"],"jetpack_publicize_connections":[],"_links":{"self":[{"href":"https:\/\/diariorepublica.com.ar\/web\/index.php\/wp-json\/wp\/v2\/posts\/12823"}],"collection":[{"href":"https:\/\/diariorepublica.com.ar\/web\/index.php\/wp-json\/wp\/v2\/posts"}],"about":[{"href":"https:\/\/diariorepublica.com.ar\/web\/index.php\/wp-json\/wp\/v2\/types\/post"}],"author":[{"embeddable":true,"href":"https:\/\/diariorepublica.com.ar\/web\/index.php\/wp-json\/wp\/v2\/users\/2"}],"replies":[{"embeddable":true,"href":"https:\/\/diariorepublica.com.ar\/web\/index.php\/wp-json\/wp\/v2\/comments?post=12823"}],"version-history":[{"count":1,"href":"https:\/\/diariorepublica.com.ar\/web\/index.php\/wp-json\/wp\/v2\/posts\/12823\/revisions"}],"predecessor-version":[{"id":12825,"href":"https:\/\/diariorepublica.com.ar\/web\/index.php\/wp-json\/wp\/v2\/posts\/12823\/revisions\/12825"}],"wp:featuredmedia":[{"embeddable":true,"href":"https:\/\/diariorepublica.com.ar\/web\/index.php\/wp-json\/wp\/v2\/media\/12824"}],"wp:attachment":[{"href":"https:\/\/diariorepublica.com.ar\/web\/index.php\/wp-json\/wp\/v2\/media?parent=12823"}],"wp:term":[{"taxonomy":"category","embeddable":true,"href":"https:\/\/diariorepublica.com.ar\/web\/index.php\/wp-json\/wp\/v2\/categories?post=12823"},{"taxonomy":"post_tag","embeddable":true,"href":"https:\/\/diariorepublica.com.ar\/web\/index.php\/wp-json\/wp\/v2\/tags?post=12823"}],"curies":[{"name":"wp","href":"https:\/\/api.w.org\/{rel}","templated":true}]}}