{"id":12827,"date":"2024-03-14T00:01:00","date_gmt":"2024-03-14T03:01:00","guid":{"rendered":"https:\/\/diariorepublica.com.ar\/web\/?p=12827"},"modified":"2024-03-14T07:26:45","modified_gmt":"2024-03-14T10:26:45","slug":"senado-y-diputados-colaboraran-en-proyectos-comunes-a-ambas-camaras","status":"publish","type":"post","link":"https:\/\/diariorepublica.com.ar\/web\/index.php\/locales\/2024\/03\/14\/senado-y-diputados-colaboraran-en-proyectos-comunes-a-ambas-camaras\/","title":{"rendered":"Senado y Diputados colaborar\u00e1n en proyectos comunes a ambas c\u00e1maras"},"content":{"rendered":"<p style=\"font-weight: 400;\">El Senado y la C\u00e1mara de Diputados firmaron este mi\u00e9rcoles un convenio de colaboraci\u00f3n, buscando establecer un marco institucional cooperativo para implementar programas de colaboraci\u00f3n y asistencia rec\u00edproca.<\/p>\n<p style=\"font-weight: 400;\">\n<p style=\"font-weight: 400;\">Seg\u00fan el articulado del acuerdo firmado entre el Vicegobernador Dusso y la presidenta de la C\u00e1mara baja, Paola Fedeli, se busca a trav\u00e9s del convenio potenciar de manera cooperativa los proyectos que incumban a ambas instituciones, involucrando intercambio de experiencias, contribuciones t\u00e9cnicas y cualquier iniciativa para el beneficio de ambas dependencias parlamentarias.<\/p>\n<p style=\"font-weight: 400;\">\n<p style=\"font-weight: 400;\">\u201cLo importante en la firma de este convenio es empezar a trabajar en cooperaci\u00f3n sobre muchas cosas. Si bien cada c\u00e1mara tiene su administraci\u00f3n y su independencia, que deben conservar, hay tambi\u00e9n mucho en com\u00fan perteneciendo ambas al mismo poder. Debemos comenzar a trabajar como un solo poder; el poder legislativo\u201d, expres\u00f3 el vicegobernador.<\/p>\n<p style=\"font-weight: 400;\">\n<p style=\"font-weight: 400;\">Participaron de la firma; el diputado Gustavo Aguirre; la secretaria de Administraci\u00f3n de Senado, Geraldine Gas\u00f3; y la secretaria de Administraci\u00f3n de Diputados, Marta Elena Barot.<\/p>\n","protected":false},"excerpt":{"rendered":"<p>El Senado y la C\u00e1mara de Diputados firmaron este mi\u00e9rcoles un convenio de colaboraci\u00f3n, buscando establecer un marco institucional cooperativo<\/p>\n","protected":false},"author":1,"featured_media":12828,"comment_status":"closed","ping_status":"closed","sticky":false,"template":"","format":"standard","meta":{"footnotes":"","jetpack_publicize_message":"","jetpack_publicize_feature_enabled":true,"jetpack_social_post_already_shared":true,"jetpack_social_options":{"image_generator_settings":{"template":"highway","enabled":false},"version":2}},"categories":[2],"tags":[],"class_list":["post-12827","post","type-post","status-publish","format-standard","has-post-thumbnail","hentry","category-locales"],"jetpack_publicize_connections":[],"_links":{"self":[{"href":"https:\/\/diariorepublica.com.ar\/web\/index.php\/wp-json\/wp\/v2\/posts\/12827"}],"collection":[{"href":"https:\/\/diariorepublica.com.ar\/web\/index.php\/wp-json\/wp\/v2\/posts"}],"about":[{"href":"https:\/\/diariorepublica.com.ar\/web\/index.php\/wp-json\/wp\/v2\/types\/post"}],"author":[{"embeddable":true,"href":"https:\/\/diariorepublica.com.ar\/web\/index.php\/wp-json\/wp\/v2\/users\/1"}],"replies":[{"embeddable":true,"href":"https:\/\/diariorepublica.com.ar\/web\/index.php\/wp-json\/wp\/v2\/comments?post=12827"}],"version-history":[{"count":1,"href":"https:\/\/diariorepublica.com.ar\/web\/index.php\/wp-json\/wp\/v2\/posts\/12827\/revisions"}],"predecessor-version":[{"id":12829,"href":"https:\/\/diariorepublica.com.ar\/web\/index.php\/wp-json\/wp\/v2\/posts\/12827\/revisions\/12829"}],"wp:featuredmedia":[{"embeddable":true,"href":"https:\/\/diariorepublica.com.ar\/web\/index.php\/wp-json\/wp\/v2\/media\/12828"}],"wp:attachment":[{"href":"https:\/\/diariorepublica.com.ar\/web\/index.php\/wp-json\/wp\/v2\/media?parent=12827"}],"wp:term":[{"taxonomy":"category","embeddable":true,"href":"https:\/\/diariorepublica.com.ar\/web\/index.php\/wp-json\/wp\/v2\/categories?post=12827"},{"taxonomy":"post_tag","embeddable":true,"href":"https:\/\/diariorepublica.com.ar\/web\/index.php\/wp-json\/wp\/v2\/tags?post=12827"}],"curies":[{"name":"wp","href":"https:\/\/api.w.org\/{rel}","templated":true}]}}