{"id":12836,"date":"2024-03-14T07:36:21","date_gmt":"2024-03-14T10:36:21","guid":{"rendered":"https:\/\/diariorepublica.com.ar\/web\/?p=12836"},"modified":"2024-03-14T07:36:23","modified_gmt":"2024-03-14T10:36:23","slug":"insolito-en-catamarca-casi-200-empleados-publicos-cobraban-el-potenciar-trabajo","status":"publish","type":"post","link":"https:\/\/diariorepublica.com.ar\/web\/index.php\/politica\/2024\/03\/14\/insolito-en-catamarca-casi-200-empleados-publicos-cobraban-el-potenciar-trabajo\/","title":{"rendered":"Ins\u00f3lito: En Catamarca casi 200 empleados p\u00fablicos cobraban el Potenciar Trabajo"},"content":{"rendered":"<p>El desmanejo de los planes sociales durante el kirchnerismo sum\u00f3 un nuevo cap\u00edtulo en las \u00faltimas horas, luego de que una investigaci\u00f3n revelar\u00e1 que 9.413 personas que trabajaban de empleados p\u00fablicos cobraban tambi\u00e9n el Potenciar Trabajo, programa que depend\u00eda del extinto Ministerio de Desarrollo Social.<\/p>\n<p>La revelaci\u00f3n se suma a otras anteriores y surge a partir de un informe preliminar del fiscal Guillermo Marijuan, a cargo de la investigaci\u00f3n global sobre las irregularidades del programa que el Gobierno acaba de eliminar para reconvertirlo en otros dos planes sociales espec\u00edficos.<\/p>\n<p>De las 9.413 personas relevadas, el Ministerio de Capital Humano ya dio de baja a 4.588, mientras analiza los \u00faltimos entrecruzamientos de datos que, en base a la orden del titular de la Unidad Fiscal para la Investigaci\u00f3n de Delitos relativos a la Seguridad, se realiz\u00f3 mediante el Sistema de Identificaci\u00f3n Nacional Tributario y Social (SINTyS). Las incompatibilidades, consideran fuentes del caso, revelan un \u201cclaro ejemplo de la utilizaci\u00f3n pol\u00edtica que se hac\u00eda del programa\u201d.<\/p>\n<p>De acuerdo a la investigaci\u00f3n de Marijuan, 194 de esos beneficios se cobraban en nuestra provincia mientras que el resto se repart\u00eda en todo el pa\u00eds. Cabe resaltar que Catamarca fue una de las tres provincias que tard\u00f3 en responder el requerimiento y fue intimada dos veces.<\/p>\n","protected":false},"excerpt":{"rendered":"<p>El desmanejo de los planes sociales durante el kirchnerismo sum\u00f3 un nuevo cap\u00edtulo en las \u00faltimas horas, luego de que<\/p>\n","protected":false},"author":2,"featured_media":12842,"comment_status":"closed","ping_status":"closed","sticky":false,"template":"","format":"standard","meta":{"footnotes":"","jetpack_publicize_message":"","jetpack_publicize_feature_enabled":true,"jetpack_social_post_already_shared":true,"jetpack_social_options":{"image_generator_settings":{"template":"highway","enabled":false},"version":2}},"categories":[12],"tags":[],"class_list":["post-12836","post","type-post","status-publish","format-standard","has-post-thumbnail","hentry","category-politica"],"jetpack_publicize_connections":[],"_links":{"self":[{"href":"https:\/\/diariorepublica.com.ar\/web\/index.php\/wp-json\/wp\/v2\/posts\/12836"}],"collection":[{"href":"https:\/\/diariorepublica.com.ar\/web\/index.php\/wp-json\/wp\/v2\/posts"}],"about":[{"href":"https:\/\/diariorepublica.com.ar\/web\/index.php\/wp-json\/wp\/v2\/types\/post"}],"author":[{"embeddable":true,"href":"https:\/\/diariorepublica.com.ar\/web\/index.php\/wp-json\/wp\/v2\/users\/2"}],"replies":[{"embeddable":true,"href":"https:\/\/diariorepublica.com.ar\/web\/index.php\/wp-json\/wp\/v2\/comments?post=12836"}],"version-history":[{"count":1,"href":"https:\/\/diariorepublica.com.ar\/web\/index.php\/wp-json\/wp\/v2\/posts\/12836\/revisions"}],"predecessor-version":[{"id":12843,"href":"https:\/\/diariorepublica.com.ar\/web\/index.php\/wp-json\/wp\/v2\/posts\/12836\/revisions\/12843"}],"wp:featuredmedia":[{"embeddable":true,"href":"https:\/\/diariorepublica.com.ar\/web\/index.php\/wp-json\/wp\/v2\/media\/12842"}],"wp:attachment":[{"href":"https:\/\/diariorepublica.com.ar\/web\/index.php\/wp-json\/wp\/v2\/media?parent=12836"}],"wp:term":[{"taxonomy":"category","embeddable":true,"href":"https:\/\/diariorepublica.com.ar\/web\/index.php\/wp-json\/wp\/v2\/categories?post=12836"},{"taxonomy":"post_tag","embeddable":true,"href":"https:\/\/diariorepublica.com.ar\/web\/index.php\/wp-json\/wp\/v2\/tags?post=12836"}],"curies":[{"name":"wp","href":"https:\/\/api.w.org\/{rel}","templated":true}]}}