{"id":12839,"date":"2024-03-14T07:00:00","date_gmt":"2024-03-14T10:00:00","guid":{"rendered":"https:\/\/diariorepublica.com.ar\/web\/?p=12839"},"modified":"2024-03-14T07:36:01","modified_gmt":"2024-03-14T10:36:01","slug":"luis-juez-respaldo-a-villarruel-por-convocar-a-sesionar-por-el-dnu-esta-obligada-a-cumplir-el-reglamento","status":"publish","type":"post","link":"https:\/\/diariorepublica.com.ar\/web\/index.php\/nacionales\/2024\/03\/14\/luis-juez-respaldo-a-villarruel-por-convocar-a-sesionar-por-el-dnu-esta-obligada-a-cumplir-el-reglamento\/","title":{"rendered":"Luis Juez respald\u00f3 a Villarruel por convocar a sesionar por el DNU: \u201cEst\u00e1 obligada a cumplir el reglamento\u201d"},"content":{"rendered":"<p class=\"paragraph\">Este jueves se llevar\u00e1 adelante una <b>sesi\u00f3n ordinaria para debatir el mega DNU de Javier Milei<\/b>\u00a0en el senado. Ante esto, dentro del bloque de la Libertad Avanza se rumoreaba un<b>\u00a0malestar entre el Presidente de la Naci\u00f3n y la vicepresidenta Victoria Villaruel por haber aceptado el pedido de la oposici\u00f3n<\/b>.<\/p>\n<div id=\"ad-slot-infeed\" class=\"infeed-container\"><\/div>\n<p class=\"paragraph\">Lo cierto es que la vicepresidenta evit\u00f3 durante varias semanas los pedidos del bloque de Uni\u00f3n por la Patria, que conduce Jos\u00e9 Mayans, y otros de bloques federales, para sesionar.<\/p>\n<p class=\"paragraph\"><b>Luis Juez<\/b>, estuvo en<i>\u00a0\u201c\u00bfLa ves?\u201d\u00a0<\/i>por\u00a0<b>TN<\/b>\u00a0y defendi\u00f3 la postura de Villaruel ante el pedido de sesiones ordinarias. \u201cEste es el quinto pedido de sesi\u00f3n especial que tiene la vicepresidenta, ahora firmado por 40 legisladores.<b>\u00a0Est\u00e1 obligada a cumplir el reglamento<\/b>\u201d<\/p>\n<p class=\"paragraph\">Y agreg\u00f3: \u201cLa conozco hace tres meses, no soy de la LLA, ejerzo como abogado penalista en C\u00f3rdoba y no estoy a la defensa de nadie.\u00a0<b>Solo estoy diciendo como funcionan las instituciones<\/b>\u201d.<\/p>\n<p class=\"paragraph\">A su vez, indic\u00f3: \u201cYo lo quiero ayudar a Milei, pero lo quiero ayudar desde la ley. El reglamento est\u00e1 para cumplirlo\u201d.<\/p>\n<p class=\"paragraph\">Por otra parte, dijo que \u201csi \u00e9l fuese parte de la los ministros del Presidente estar\u00eda hablando con seis gobernadores\u201d: \u201cLes dir\u00eda, \u2018che, tus senadores ma\u00f1ana no nos van a voltear el \u00faltimo instrumento que tenemos para mantener el gobierno\u2019\u201d.<\/p>\n","protected":false},"excerpt":{"rendered":"<p>Este jueves se llevar\u00e1 adelante una sesi\u00f3n ordinaria para debatir el mega DNU de Javier Milei\u00a0en el senado. Ante esto,<\/p>\n","protected":false},"author":1,"featured_media":12840,"comment_status":"closed","ping_status":"closed","sticky":false,"template":"","format":"standard","meta":{"footnotes":"","jetpack_publicize_message":"","jetpack_publicize_feature_enabled":true,"jetpack_social_post_already_shared":true,"jetpack_social_options":{"image_generator_settings":{"template":"highway","enabled":false},"version":2}},"categories":[4],"tags":[],"class_list":["post-12839","post","type-post","status-publish","format-standard","has-post-thumbnail","hentry","category-nacionales"],"jetpack_publicize_connections":[],"_links":{"self":[{"href":"https:\/\/diariorepublica.com.ar\/web\/index.php\/wp-json\/wp\/v2\/posts\/12839"}],"collection":[{"href":"https:\/\/diariorepublica.com.ar\/web\/index.php\/wp-json\/wp\/v2\/posts"}],"about":[{"href":"https:\/\/diariorepublica.com.ar\/web\/index.php\/wp-json\/wp\/v2\/types\/post"}],"author":[{"embeddable":true,"href":"https:\/\/diariorepublica.com.ar\/web\/index.php\/wp-json\/wp\/v2\/users\/1"}],"replies":[{"embeddable":true,"href":"https:\/\/diariorepublica.com.ar\/web\/index.php\/wp-json\/wp\/v2\/comments?post=12839"}],"version-history":[{"count":1,"href":"https:\/\/diariorepublica.com.ar\/web\/index.php\/wp-json\/wp\/v2\/posts\/12839\/revisions"}],"predecessor-version":[{"id":12841,"href":"https:\/\/diariorepublica.com.ar\/web\/index.php\/wp-json\/wp\/v2\/posts\/12839\/revisions\/12841"}],"wp:featuredmedia":[{"embeddable":true,"href":"https:\/\/diariorepublica.com.ar\/web\/index.php\/wp-json\/wp\/v2\/media\/12840"}],"wp:attachment":[{"href":"https:\/\/diariorepublica.com.ar\/web\/index.php\/wp-json\/wp\/v2\/media?parent=12839"}],"wp:term":[{"taxonomy":"category","embeddable":true,"href":"https:\/\/diariorepublica.com.ar\/web\/index.php\/wp-json\/wp\/v2\/categories?post=12839"},{"taxonomy":"post_tag","embeddable":true,"href":"https:\/\/diariorepublica.com.ar\/web\/index.php\/wp-json\/wp\/v2\/tags?post=12839"}],"curies":[{"name":"wp","href":"https:\/\/api.w.org\/{rel}","templated":true}]}}