{"id":12881,"date":"2024-03-15T07:36:01","date_gmt":"2024-03-15T10:36:01","guid":{"rendered":"https:\/\/diariorepublica.com.ar\/web\/?p=12881"},"modified":"2024-03-15T07:36:04","modified_gmt":"2024-03-15T10:36:04","slug":"a-los-que-no-cumplan-procederemos-como-marca-la-ley","status":"publish","type":"post","link":"https:\/\/diariorepublica.com.ar\/web\/index.php\/politica\/2024\/03\/15\/a-los-que-no-cumplan-procederemos-como-marca-la-ley\/","title":{"rendered":"\u201cA los que no cumplan, procederemos como marca la ley\u201d"},"content":{"rendered":"<p>El Gobernador Ra\u00fal Jalil advirti\u00f3 abiertamente que quienes no trabajen, ser\u00e1n sancionados como marca la ley.Fue una frase que pas\u00f3 casi desapercibida por la mayor\u00eda de los presentes, hasta que el fragmento comenz\u00f3 a viralizarse. \u00bfEfectivamente dijo lo que dijo?<\/p>\n<p>Ra\u00fal Jalil se refer\u00eda a los esfuerzos que estaba haciendo la Provincia para mantener la obra p\u00fablica y el perjuicio que implic\u00f3 el recorte de casi 17 mil millones de pesos por parte del gobierno de Javier Milei.Y luego solt\u00f3:<br \/>\u201cHay que pedirle solidaridad sobre todo para los que tienen trabajo. Hemos hablado con la ministra de Trabajo, con el ministro de Salud: la gente que incumpla su tarea, vamos a proceder a hacer lo que marca la ley. A los que tienen trabajo, decirles que lo cuidemos, porque no son momentos f\u00e1ciles\u201d<\/p>\n<p>En medio de una escalada de protestas y medidas de fuerza por reclamos salariales en el Estado, la frase del Gobernador podr\u00eda haber estado dirigida a cualquier sector. \u00bfSe har\u00e1 efectiva la advertencia para los que no trabajen?<\/p>\n<p>\u00a0<\/p>\n<p>\u00a0<\/p>\n","protected":false},"excerpt":{"rendered":"<p>El Gobernador Ra\u00fal Jalil advirti\u00f3 abiertamente que quienes no trabajen, ser\u00e1n sancionados como marca la ley.Fue una frase que pas\u00f3<\/p>\n","protected":false},"author":2,"featured_media":12883,"comment_status":"closed","ping_status":"closed","sticky":false,"template":"","format":"standard","meta":{"footnotes":"","jetpack_publicize_message":"","jetpack_publicize_feature_enabled":true,"jetpack_social_post_already_shared":true,"jetpack_social_options":{"image_generator_settings":{"template":"highway","enabled":false},"version":2}},"categories":[12],"tags":[],"class_list":["post-12881","post","type-post","status-publish","format-standard","has-post-thumbnail","hentry","category-politica"],"jetpack_publicize_connections":[],"_links":{"self":[{"href":"https:\/\/diariorepublica.com.ar\/web\/index.php\/wp-json\/wp\/v2\/posts\/12881"}],"collection":[{"href":"https:\/\/diariorepublica.com.ar\/web\/index.php\/wp-json\/wp\/v2\/posts"}],"about":[{"href":"https:\/\/diariorepublica.com.ar\/web\/index.php\/wp-json\/wp\/v2\/types\/post"}],"author":[{"embeddable":true,"href":"https:\/\/diariorepublica.com.ar\/web\/index.php\/wp-json\/wp\/v2\/users\/2"}],"replies":[{"embeddable":true,"href":"https:\/\/diariorepublica.com.ar\/web\/index.php\/wp-json\/wp\/v2\/comments?post=12881"}],"version-history":[{"count":1,"href":"https:\/\/diariorepublica.com.ar\/web\/index.php\/wp-json\/wp\/v2\/posts\/12881\/revisions"}],"predecessor-version":[{"id":12884,"href":"https:\/\/diariorepublica.com.ar\/web\/index.php\/wp-json\/wp\/v2\/posts\/12881\/revisions\/12884"}],"wp:featuredmedia":[{"embeddable":true,"href":"https:\/\/diariorepublica.com.ar\/web\/index.php\/wp-json\/wp\/v2\/media\/12883"}],"wp:attachment":[{"href":"https:\/\/diariorepublica.com.ar\/web\/index.php\/wp-json\/wp\/v2\/media?parent=12881"}],"wp:term":[{"taxonomy":"category","embeddable":true,"href":"https:\/\/diariorepublica.com.ar\/web\/index.php\/wp-json\/wp\/v2\/categories?post=12881"},{"taxonomy":"post_tag","embeddable":true,"href":"https:\/\/diariorepublica.com.ar\/web\/index.php\/wp-json\/wp\/v2\/tags?post=12881"}],"curies":[{"name":"wp","href":"https:\/\/api.w.org\/{rel}","templated":true}]}}