{"id":12891,"date":"2024-03-15T07:41:48","date_gmt":"2024-03-15T10:41:48","guid":{"rendered":"https:\/\/diariorepublica.com.ar\/web\/?p=12891"},"modified":"2024-03-15T07:41:50","modified_gmt":"2024-03-15T10:41:50","slug":"reforma-tributaria-los-cambios-que-proponen-para-ganancias-monotributo-y-bienes-personales","status":"publish","type":"post","link":"https:\/\/diariorepublica.com.ar\/web\/index.php\/nacionales\/2024\/03\/15\/reforma-tributaria-los-cambios-que-proponen-para-ganancias-monotributo-y-bienes-personales\/","title":{"rendered":"Reforma tributaria: los cambios que proponen para Ganancias, Monotributo y Bienes Personales"},"content":{"rendered":"<article id=\"article-post\" class=\"first\">\n<div class=\"cuerpo\" data-twitter-link=\"https:\/\/twitter.com\/intent\/tweet?url=https:\/\/www.diariopopular.com.ar\/c777513&amp;via=poopulardiario&amp;related=Popular&amp;text=\">\n<p>El Poder Ejecutivo Nacional incluir\u00e1 la restituci\u00f3n del<strong>\u00a0Impuesto a las Ganancias<\/strong>\u00a0para asalariados en el proyecto de ley que contempla una serie de medidas fiscales entre las que se encuentran un blanqueo, una moratoria y cambios en el impuesto a los<strong>\u00a0Bienes Personales.<\/strong><\/p>\n<\/div>\n<\/article>\n<article id=\"article-post\">\n<div class=\"cuerpo\" data-twitter-link=\"https:\/\/twitter.com\/intent\/tweet?url=https:\/\/www.diariopopular.com.ar\/c777513&amp;via=poopulardiario&amp;related=Popular&amp;text=\">\n<p>La iniciativa ser\u00eda enviada en las pr\u00f3ximas horas al Congreso Nacional bajo el t\u00edtulo\u00a0<strong>\u00abProyecto de Ley de Medidas Fiscales Paliativas y Relevantes\u00bb.<\/strong><\/p>\n<h6>Bienes Personales<\/h6>\n<p>En el T\u00edtulo III del proyecto refiere al Impuesto sobre Bienes Personales donde establece la creaci\u00f3n de un r\u00e9gimen especial de ingreso en el cual se le propone al contribuyente adelantar el pago de este tributo a cambio del compromiso del estado de garantizar la estabilidad de las al\u00edcuotas de impuestos patrimoniales a nivel nacional.<\/p>\n<p>El nuevo r\u00e9gimen llevar\u00e1 el nombre de R\u00e9gimen Especial de Ingreso del Impuesto sobre los Bienes Personales (\u201cREIBP\u201d) y es para todos los per\u00edodos fiscales hasta la fecha de su caducidad, la cual opera el 31 de diciembre de 2027.<\/p>\n<p>Implicar\u00e1 que esos contribuyentes quedar\u00e1n \u00abliberados de toda acci\u00f3n civil y por delitos tributarios, cambiarios, aduaneros e infracciones administrativas que pudieran corresponder por el incumplimiento de las obligaciones vinculadas o que tuvieran origen en los bienes, cr\u00e9ditos y tenencias que se declaren\u00bb.<\/p>\n<p>El regimen es opcional y tendr\u00e1n la opci\u00f3n de adherirse personas humanas, sucesiones indivisas, como los responsables sustitutos, aquellos que son residentes y tambi\u00e9n aquellos que no lo son a la fecha de adhesi\u00f3n, siempre y cuando haya sido residentes fiscales en el pa\u00eds antes del 31 de diciembre del 2023.<\/p>\n<p>Entre los cambios tambi\u00e9n se incorpora un premio a contribuyentes cumplidores desde 2020 a la fecha, con una reducci\u00f3n de la al\u00edcuota de Bienes Personales para los per\u00edodos fiscales 2024, 2025 y 2026.<\/p>\n<p>Con la creaci\u00f3n del REIBP habr\u00e1 tiempo para su adhesi\u00f3n hasta el 31 de mayo de 2024. All\u00ed tributar\u00e1n el gravamen sobre los Bienes Personales de forma unificada y adelantada a los per\u00edodos fiscales del 2023, 2024, 2025, 2026 y 2027.<\/p>\n<p>Para su c\u00e1lculo se van a tomar en cuenta los bienes existentes en el patrimonio del contribuyente al 31 de diciembre de 2023 con al\u00edcuotas que van del 0,5% al 0,75%.<\/p>\n<p>La cancelaci\u00f3n total del impuesto a pagar deber\u00e1 ser realizada hasta el 31 de julio de 2024, inclusive. El Ejecutivo nacional tendr\u00e1 la opci\u00f3n de extender dicha fecha hasta el 30 de agosto de 2024.<\/p>\n<p>En el art\u00edculo 25 detalla: \u00abEl gravamen a ingresar por los contribuyentes indicados ser\u00e1 el que resulte de aplicar, sobre el valor total de los bienes situados en el pa\u00eds y en el exterior sujetos al impuesto que exceda del establecido en el art\u00edculo 24, la siguiente escala\u00bb.<\/p>\n<h6>Impuesto a las Ganancias<\/h6>\n<p>En relaci\u00f3n a la restituci\u00f3n del Impuesto a las Ganancias, el borrador que comenz\u00f3 a circular en las pr\u00f3ximas horas no ofrece modificaciones en el m\u00ednimo no imponible respecto del proyecto presentado en enero pese a que se acumul\u00f3 un 60% de inflaci\u00f3n.<\/p>\n<p>\u00abUn empleado soltero sin hijos comienza a pagar Ganancias a partir de un sueldo bruto de $1.250.000. Esto no es para nada razonable ya que se conoce la inflaci\u00f3n de enero y febrero\u00bb, se\u00f1al\u00f3 el tributarista Sebasti\u00e1n Dom\u00ednguez. Asimismo, consider\u00f3 que \u00abpor lo menos, deber\u00eda ajustarse por esa inflaci\u00f3n y que no se tribute hasta un sueldo bruto de $1.700.000\u00bb.<\/p>\n<p>En esa l\u00ednea, sostuvo que \u00abse debe mantener el ajuste por IPC trimestral agregando una cl\u00e1usula gatillo permanente para que, si se verifica dentro del trimestre un 20% acumulado, se adelante la actualizaci\u00f3n tanto para deducciones como para tramos de escala\u00bb.<\/p>\n<p>Respecto a la vigencia, se\u00f1al\u00f3 que \u00absi se aprueba, ser\u00eda retroactiva al 1 de enero de 2024\u00bb, lo cual entendi\u00f3 que \u00abno es razonable aunque sea legal porque el periodo fiscal de ganancias sea el a\u00f1o calendario\u00bb.<\/p>\n<p>A su vez, Dom\u00ednguez alert\u00f3 que \u00abel borrador propone la eliminaci\u00f3n de exenciones y deducciones: aguinaldo, horas extras, guardias obligatorias de personal de salud, vi\u00e1ticos y gastos de movilidad\u00bb.<\/p>\n<p>\u00abPor otro lado, se eliminar\u00eda la disposici\u00f3n que establece que la al\u00edcuota de Ganancias no cambia por las horas extras gravadas\u00bb, a\u00f1adi\u00f3.<\/p>\n<p>De la misma forma, los dem\u00e1s cap\u00edtulos tampoco muestran cambios con relaci\u00f3n al proyecto original que hab\u00eda sido retirado del Parlamento a fines de enero.<\/p>\n<h6>Moratoria y monotributo<\/h6>\n<p>En lo que respecta a la moratoria los contribuyentes podr\u00e1n acogerse por obligaciones tributarias, aduaneras y de la seguridad social vencidas hasta el 29 de febrero. Tambi\u00e9n podr\u00e1n sumarse las multas y planes de pago ca\u00eddas. El plazo para la adhesi\u00f3n es de 150 d\u00edas.<\/p>\n<p>Las deudas en proceso judicial podr\u00e1n ser incluidas en caso de que el contribuyente desista de realizar reclamos posteriores. Al ingresar a la moratoria quedan suspendidas las acciones penales tributarias.<\/p>\n<p>En cuanto al blanqueo, estar\u00e1 abierto hasta el 31 de diciembre de 2024 y el Poder Ejecutivo podr\u00e1 prorrogarlo hasta el 31 de diciembre de 2025.<\/p>\n<p>Los que manifiesten ingresar al blanqueo hasta el 31 de julio pagar\u00e1n una al\u00edcuota del 5%, que se elevar\u00e1 al 10% para aquellos que lo hagan entre el 1 de agosto y el 30 de septiembre. La al\u00edcuota sube al 15% para quienes lo hagan desde el 1 de octubre hasta el 30 de noviembre.<\/p>\n<p>Se podr\u00e1n incluir: inmuebles ubicados en Argentina, moneda nacional o extranjera depositada en Argentina, acciones, derechos sobre fideicomisos o cuotas partes de fondos comunes de inversi\u00f3n, t\u00edtulos y bonos, y cr\u00e9ditos de cualquier naturaleza, criptomonedas o criptoactivos, entre otros.<\/p>\n<p>Sobre bienes en el exterior tambi\u00e9n se podr\u00e1 sumar moneda extranjera, inmuebles ubicados en el exterior, acciones o participaci\u00f3n en sociedades, derechos de beneficiarios, fideicomisos, t\u00edtulos valores, entre otros.<\/p>\n<p>En lo que respeta al Monotributo, la norma establece una nueva escala de facturaci\u00f3n y del valor de las cuotas de acuerdo a cada categor\u00eda. La categor\u00eda m\u00e1s baja arranca con una facturaci\u00f3n de $3 millones anuales y un pago de $5.000 por mes.<\/p>\n<\/div>\n<\/article>\n","protected":false},"excerpt":{"rendered":"<p>El Poder Ejecutivo Nacional incluir\u00e1 la restituci\u00f3n del\u00a0Impuesto a las Ganancias\u00a0para asalariados en el proyecto de ley que contempla una<\/p>\n","protected":false},"author":1,"featured_media":12892,"comment_status":"closed","ping_status":"closed","sticky":false,"template":"","format":"standard","meta":{"footnotes":"","jetpack_publicize_message":"","jetpack_publicize_feature_enabled":true,"jetpack_social_post_already_shared":true,"jetpack_social_options":{"image_generator_settings":{"template":"highway","enabled":false},"version":2}},"categories":[4],"tags":[],"class_list":["post-12891","post","type-post","status-publish","format-standard","has-post-thumbnail","hentry","category-nacionales"],"jetpack_publicize_connections":[],"_links":{"self":[{"href":"https:\/\/diariorepublica.com.ar\/web\/index.php\/wp-json\/wp\/v2\/posts\/12891"}],"collection":[{"href":"https:\/\/diariorepublica.com.ar\/web\/index.php\/wp-json\/wp\/v2\/posts"}],"about":[{"href":"https:\/\/diariorepublica.com.ar\/web\/index.php\/wp-json\/wp\/v2\/types\/post"}],"author":[{"embeddable":true,"href":"https:\/\/diariorepublica.com.ar\/web\/index.php\/wp-json\/wp\/v2\/users\/1"}],"replies":[{"embeddable":true,"href":"https:\/\/diariorepublica.com.ar\/web\/index.php\/wp-json\/wp\/v2\/comments?post=12891"}],"version-history":[{"count":1,"href":"https:\/\/diariorepublica.com.ar\/web\/index.php\/wp-json\/wp\/v2\/posts\/12891\/revisions"}],"predecessor-version":[{"id":12893,"href":"https:\/\/diariorepublica.com.ar\/web\/index.php\/wp-json\/wp\/v2\/posts\/12891\/revisions\/12893"}],"wp:featuredmedia":[{"embeddable":true,"href":"https:\/\/diariorepublica.com.ar\/web\/index.php\/wp-json\/wp\/v2\/media\/12892"}],"wp:attachment":[{"href":"https:\/\/diariorepublica.com.ar\/web\/index.php\/wp-json\/wp\/v2\/media?parent=12891"}],"wp:term":[{"taxonomy":"category","embeddable":true,"href":"https:\/\/diariorepublica.com.ar\/web\/index.php\/wp-json\/wp\/v2\/categories?post=12891"},{"taxonomy":"post_tag","embeddable":true,"href":"https:\/\/diariorepublica.com.ar\/web\/index.php\/wp-json\/wp\/v2\/tags?post=12891"}],"curies":[{"name":"wp","href":"https:\/\/api.w.org\/{rel}","templated":true}]}}