{"id":12921,"date":"2024-03-18T07:37:28","date_gmt":"2024-03-18T10:37:28","guid":{"rendered":"https:\/\/diariorepublica.com.ar\/web\/?p=12921"},"modified":"2024-03-18T07:37:30","modified_gmt":"2024-03-18T10:37:30","slug":"se-prorrogaron-los-beneficios-por-el-pago-anual-de-las-tasas-municipales","status":"publish","type":"post","link":"https:\/\/diariorepublica.com.ar\/web\/index.php\/sociedad\/2024\/03\/18\/se-prorrogaron-los-beneficios-por-el-pago-anual-de-las-tasas-municipales\/","title":{"rendered":"Se prorrogaron los beneficios por el pago anual de las tasas municipales"},"content":{"rendered":"<p>La Direcci\u00f3n General de Rentas de la Municipalidad de la capital informa a los contribuyentes que se prorroga el plazo para el pago anual de tasas municipales hasta el d\u00eda viernes 12 de abril. Esta medida busca brindar mayor tiempo y facilidades para que los vecinos puedan cumplir con sus obligaciones tributarias.<\/p>\n<p>Se recuerda a los contribuyentes que el pago de las tasas municipales es fundamental para el funcionamiento y mantenimiento de nuestra ciudad. Por ello, se insta a aquellos que a\u00fan no han realizado el pago a hacerlo dentro de la nueva fecha l\u00edmite establecida.<\/p>\n<p><strong>40% de descuento<\/strong><\/p>\n<p>Se recuerda que el pago anual de las Tasas de Servicios Urbanos (inmuebles) y Cementerio tienen un descuento de m\u00e1s del 40% para todas las zonas.<\/p>\n<p><strong>Cedul\u00f3n Electr\u00f3nico<\/strong><\/p>\n<p>Para acceder a estos importantes descuentos, los vecinos deben adherirse al Cedul\u00f3n Electr\u00f3nico, es decir, la boleta digital que env\u00eda el organismo por correo electr\u00f3nico o WhatsApp. Esto brinda mayor comodidad y evita que deban trasladarse de forma presencial. Adem\u00e1s, ayuda a reducir la impresi\u00f3n y distribuci\u00f3n, optimizando recursos municipales.<br \/>\nEs un tr\u00e1mite muy sencillo que se hace por \u00fanica vez a trav\u00e9s de la p\u00e1gina web www.rentas.catamarcaciudad.gob.ar, o solicitando ayuda a los agentes en el chat interactivo de la p\u00e1gina.<\/p>\n","protected":false},"excerpt":{"rendered":"<p>La Direcci\u00f3n General de Rentas de la Municipalidad de la capital informa a los contribuyentes que se prorroga el plazo<\/p>\n","protected":false},"author":1,"featured_media":12922,"comment_status":"closed","ping_status":"closed","sticky":false,"template":"","format":"standard","meta":{"footnotes":"","jetpack_publicize_message":"","jetpack_publicize_feature_enabled":true,"jetpack_social_post_already_shared":true,"jetpack_social_options":{"image_generator_settings":{"template":"highway","enabled":false},"version":2}},"categories":[3],"tags":[],"class_list":["post-12921","post","type-post","status-publish","format-standard","has-post-thumbnail","hentry","category-sociedad"],"jetpack_publicize_connections":[],"_links":{"self":[{"href":"https:\/\/diariorepublica.com.ar\/web\/index.php\/wp-json\/wp\/v2\/posts\/12921"}],"collection":[{"href":"https:\/\/diariorepublica.com.ar\/web\/index.php\/wp-json\/wp\/v2\/posts"}],"about":[{"href":"https:\/\/diariorepublica.com.ar\/web\/index.php\/wp-json\/wp\/v2\/types\/post"}],"author":[{"embeddable":true,"href":"https:\/\/diariorepublica.com.ar\/web\/index.php\/wp-json\/wp\/v2\/users\/1"}],"replies":[{"embeddable":true,"href":"https:\/\/diariorepublica.com.ar\/web\/index.php\/wp-json\/wp\/v2\/comments?post=12921"}],"version-history":[{"count":1,"href":"https:\/\/diariorepublica.com.ar\/web\/index.php\/wp-json\/wp\/v2\/posts\/12921\/revisions"}],"predecessor-version":[{"id":12924,"href":"https:\/\/diariorepublica.com.ar\/web\/index.php\/wp-json\/wp\/v2\/posts\/12921\/revisions\/12924"}],"wp:featuredmedia":[{"embeddable":true,"href":"https:\/\/diariorepublica.com.ar\/web\/index.php\/wp-json\/wp\/v2\/media\/12922"}],"wp:attachment":[{"href":"https:\/\/diariorepublica.com.ar\/web\/index.php\/wp-json\/wp\/v2\/media?parent=12921"}],"wp:term":[{"taxonomy":"category","embeddable":true,"href":"https:\/\/diariorepublica.com.ar\/web\/index.php\/wp-json\/wp\/v2\/categories?post=12921"},{"taxonomy":"post_tag","embeddable":true,"href":"https:\/\/diariorepublica.com.ar\/web\/index.php\/wp-json\/wp\/v2\/tags?post=12921"}],"curies":[{"name":"wp","href":"https:\/\/api.w.org\/{rel}","templated":true}]}}