{"id":12967,"date":"2024-03-19T06:57:30","date_gmt":"2024-03-19T09:57:30","guid":{"rendered":"https:\/\/diariorepublica.com.ar\/web\/?p=12967"},"modified":"2024-03-19T06:57:33","modified_gmt":"2024-03-19T09:57:33","slug":"criticas-por-el-pedido-de-incremento-a-la-tarifa-electrica","status":"publish","type":"post","link":"https:\/\/diariorepublica.com.ar\/web\/index.php\/politica\/2024\/03\/19\/criticas-por-el-pedido-de-incremento-a-la-tarifa-electrica\/","title":{"rendered":"Criticas por el pedido de incremento a la tarifa el\u00e9ctrica"},"content":{"rendered":"<p>\u00abNo se podr\u00e1 pagar el servicio de energ\u00eda el\u00e9ctrica, habr\u00e1 m\u00e1s morosidad y se incrementar\u00e1 la clandestinidad\u00bb, fue la forma en la que el diputado provincial y presidente de la UCR catamarque\u00f1a, Alfredo Marchioli, se refiri\u00f3 al nuevo incremento en la tarifa de energ\u00eda el\u00e9ctrica en pos de la actualizaci\u00f3n del VAD.<\/p>\n<p>\u00abLo del incremento de la tarifa es tremendo y el impacto en el monto final de la factura va a llegar en algunos casos, dependiendo la categor\u00eda y el consumo, a 6 veces m\u00e1s de lo que estamos pagando actualmente\u00bb, lament\u00f3 el legislador teniendo en cuenta el 106% del aumento del VAD que pide la empresa distribuidora m\u00e1s la quita de los subsidios nacionales.<\/p>\n<p>En tanto, Marchioli pidi\u00f3 al Gobierno provincial subsidiar el VAD y apunt\u00f3 al ENRE al enfatizar que lamentablemente las audiencias vienen siendo \u00abun tr\u00e1mite o mera formalidad\u00bb.<\/p>\n","protected":false},"excerpt":{"rendered":"<p>\u00abNo se podr\u00e1 pagar el servicio de energ\u00eda el\u00e9ctrica, habr\u00e1 m\u00e1s morosidad y se incrementar\u00e1 la clandestinidad\u00bb, fue la forma<\/p>\n","protected":false},"author":2,"featured_media":12968,"comment_status":"closed","ping_status":"closed","sticky":false,"template":"","format":"standard","meta":{"footnotes":"","jetpack_publicize_message":"","jetpack_publicize_feature_enabled":true,"jetpack_social_post_already_shared":true,"jetpack_social_options":{"image_generator_settings":{"template":"highway","enabled":false},"version":2}},"categories":[12],"tags":[],"class_list":["post-12967","post","type-post","status-publish","format-standard","has-post-thumbnail","hentry","category-politica"],"jetpack_publicize_connections":[],"_links":{"self":[{"href":"https:\/\/diariorepublica.com.ar\/web\/index.php\/wp-json\/wp\/v2\/posts\/12967"}],"collection":[{"href":"https:\/\/diariorepublica.com.ar\/web\/index.php\/wp-json\/wp\/v2\/posts"}],"about":[{"href":"https:\/\/diariorepublica.com.ar\/web\/index.php\/wp-json\/wp\/v2\/types\/post"}],"author":[{"embeddable":true,"href":"https:\/\/diariorepublica.com.ar\/web\/index.php\/wp-json\/wp\/v2\/users\/2"}],"replies":[{"embeddable":true,"href":"https:\/\/diariorepublica.com.ar\/web\/index.php\/wp-json\/wp\/v2\/comments?post=12967"}],"version-history":[{"count":1,"href":"https:\/\/diariorepublica.com.ar\/web\/index.php\/wp-json\/wp\/v2\/posts\/12967\/revisions"}],"predecessor-version":[{"id":12969,"href":"https:\/\/diariorepublica.com.ar\/web\/index.php\/wp-json\/wp\/v2\/posts\/12967\/revisions\/12969"}],"wp:featuredmedia":[{"embeddable":true,"href":"https:\/\/diariorepublica.com.ar\/web\/index.php\/wp-json\/wp\/v2\/media\/12968"}],"wp:attachment":[{"href":"https:\/\/diariorepublica.com.ar\/web\/index.php\/wp-json\/wp\/v2\/media?parent=12967"}],"wp:term":[{"taxonomy":"category","embeddable":true,"href":"https:\/\/diariorepublica.com.ar\/web\/index.php\/wp-json\/wp\/v2\/categories?post=12967"},{"taxonomy":"post_tag","embeddable":true,"href":"https:\/\/diariorepublica.com.ar\/web\/index.php\/wp-json\/wp\/v2\/tags?post=12967"}],"curies":[{"name":"wp","href":"https:\/\/api.w.org\/{rel}","templated":true}]}}