{"id":12970,"date":"2024-03-19T07:00:59","date_gmt":"2024-03-19T10:00:59","guid":{"rendered":"https:\/\/diariorepublica.com.ar\/web\/?p=12970"},"modified":"2024-03-19T07:01:01","modified_gmt":"2024-03-19T10:01:01","slug":"el-gobierno-remarco-que-la-emergencia-economica-no-afectara-los-salarios-estatales","status":"publish","type":"post","link":"https:\/\/diariorepublica.com.ar\/web\/index.php\/politica\/2024\/03\/19\/el-gobierno-remarco-que-la-emergencia-economica-no-afectara-los-salarios-estatales\/","title":{"rendered":"El Gobierno remarc\u00f3 que la emergencia econ\u00f3mica no afectar\u00e1 los salarios estatales"},"content":{"rendered":"<p>En una reuni\u00f3n con los representantes de los poderes Judicial y Legislativo y del Tribunal de Cuentas, el Gobierno aclar\u00f3 que la ley de Emergencia Econ\u00f3mica tendr\u00e1 como principal eje garantizar recursos para el pago de sueldos, la asistencia social y prestar los servicios de Salud, Seguridad y Educaci\u00f3n.<\/p>\n<p>La ministra de Econom\u00eda, Alejandra Nazareno, dio detalles sobre la evoluci\u00f3n de la recaudaci\u00f3n provincial y la ca\u00edda de la coparticipaci\u00f3n nacional. Seg\u00fan indic\u00f3 la funcionaria, la mayor\u00eda de las autoridades de los Poderes del Estado presentes coincidieron \u201cen la necesidad de enviar a la Legislatura un proyecto de Ley de Emergencia Econ\u00f3mica, que b\u00e1sicamente buscar\u00e1 priorizar salarios y la prestaci\u00f3n de servicios esenciales como Salud, Educaci\u00f3n, Seguridad y Asistencia Social, al tiempo que restringir otros gastos del funcionamiento del Estado que en este momento no son de extrema necesidad\u201d.<\/p>\n<p>En este marco, Nazareno descart\u00f3 de plano las versiones que indican que el Gobierno provincial propicia la sanci\u00f3n de la Emergencia para un congelamiento de salarios de los empleados p\u00fablicos. \u201cTuvimos la oportunidad de contarles a los miembros de la comisi\u00f3n (de seguimiento de las Medidas Econ\u00f3micas) acerca de la evoluci\u00f3n de la recaudaci\u00f3n provincial dando la tranquilidad de que las finanzas p\u00fablicas est\u00e1n ordenadas, pero tambi\u00e9n estamos obligados a advertir que observamos ca\u00eddas significativas en las variaciones reales de la recaudaci\u00f3n\u201d, dijo.<\/p>\n","protected":false},"excerpt":{"rendered":"<p>En una reuni\u00f3n con los representantes de los poderes Judicial y Legislativo y del Tribunal de Cuentas, el Gobierno aclar\u00f3<\/p>\n","protected":false},"author":2,"featured_media":12971,"comment_status":"closed","ping_status":"closed","sticky":false,"template":"","format":"standard","meta":{"footnotes":"","jetpack_publicize_message":"","jetpack_publicize_feature_enabled":true,"jetpack_social_post_already_shared":true,"jetpack_social_options":{"image_generator_settings":{"template":"highway","enabled":false},"version":2}},"categories":[12],"tags":[],"class_list":["post-12970","post","type-post","status-publish","format-standard","has-post-thumbnail","hentry","category-politica"],"jetpack_publicize_connections":[],"_links":{"self":[{"href":"https:\/\/diariorepublica.com.ar\/web\/index.php\/wp-json\/wp\/v2\/posts\/12970"}],"collection":[{"href":"https:\/\/diariorepublica.com.ar\/web\/index.php\/wp-json\/wp\/v2\/posts"}],"about":[{"href":"https:\/\/diariorepublica.com.ar\/web\/index.php\/wp-json\/wp\/v2\/types\/post"}],"author":[{"embeddable":true,"href":"https:\/\/diariorepublica.com.ar\/web\/index.php\/wp-json\/wp\/v2\/users\/2"}],"replies":[{"embeddable":true,"href":"https:\/\/diariorepublica.com.ar\/web\/index.php\/wp-json\/wp\/v2\/comments?post=12970"}],"version-history":[{"count":1,"href":"https:\/\/diariorepublica.com.ar\/web\/index.php\/wp-json\/wp\/v2\/posts\/12970\/revisions"}],"predecessor-version":[{"id":12972,"href":"https:\/\/diariorepublica.com.ar\/web\/index.php\/wp-json\/wp\/v2\/posts\/12970\/revisions\/12972"}],"wp:featuredmedia":[{"embeddable":true,"href":"https:\/\/diariorepublica.com.ar\/web\/index.php\/wp-json\/wp\/v2\/media\/12971"}],"wp:attachment":[{"href":"https:\/\/diariorepublica.com.ar\/web\/index.php\/wp-json\/wp\/v2\/media?parent=12970"}],"wp:term":[{"taxonomy":"category","embeddable":true,"href":"https:\/\/diariorepublica.com.ar\/web\/index.php\/wp-json\/wp\/v2\/categories?post=12970"},{"taxonomy":"post_tag","embeddable":true,"href":"https:\/\/diariorepublica.com.ar\/web\/index.php\/wp-json\/wp\/v2\/tags?post=12970"}],"curies":[{"name":"wp","href":"https:\/\/api.w.org\/{rel}","templated":true}]}}