{"id":13013,"date":"2024-03-20T07:10:20","date_gmt":"2024-03-20T10:10:20","guid":{"rendered":"https:\/\/diariorepublica.com.ar\/web\/?p=13013"},"modified":"2024-03-20T07:10:23","modified_gmt":"2024-03-20T10:10:23","slug":"desde-la-oposicion-la-ley-de-emergencia-economica-es-una-herramienta-peligrosa","status":"publish","type":"post","link":"https:\/\/diariorepublica.com.ar\/web\/index.php\/politica\/2024\/03\/20\/desde-la-oposicion-la-ley-de-emergencia-economica-es-una-herramienta-peligrosa\/","title":{"rendered":"Desde la oposici\u00f3n, la Ley de Emergencia Econ\u00f3mica es \u201cuna herramienta peligrosa\u201d"},"content":{"rendered":"<p>El diputado Tiago Puente consider\u00f3 que el oficialismo pretende \u201ctopear salarios\u201d del personal de la Administraci\u00f3n P\u00fablica. La semana pasada, el Gobierno oficializ\u00f3 que enviar\u00e1 a la legislatura el proyecto para declarar la emergencia econ\u00f3mica en Catamarca. Tras conocerse la noticia, desde la oposici\u00f3n salieron al cruce por lo que ellos consideran \u201cuna herramienta peligrosa\u201d del oficialismo al pretender \u201ctopear salarios\u201d del personal de la Administraci\u00f3n P\u00fablica.<\/p>\n<p>Puente advirti\u00f3 que el mandatario provincial \u201cahora echa mano de una herramienta peligrosa: poner a la Provincia y al Estado en emergencia econ\u00f3mica que entre otras cosas -amparado en el paraguas de la ca\u00edda de los ingresos, provocada por \u00e9l mismo al aplaudir la ca\u00edda del Impuesto a las Ganancias que se sab\u00eda iba a afectar las finanzas provinciales-, le permitir\u00eda, por ejemplo, topear salarios\u201d.<\/p>\n<p>\u201cUn verdadero contrasentido cuando todo este tiempo hemos escuchado del Gobernador y sus ministros que Catamarca es una provincia que tiene ordenadas sus cuentas y ha sido bien administrada\u201d<\/p>\n\n\n<p><\/p>\n","protected":false},"excerpt":{"rendered":"<p>El diputado Tiago Puente consider\u00f3 que el oficialismo pretende \u201ctopear salarios\u201d del personal de la Administraci\u00f3n P\u00fablica. La semana pasada,<\/p>\n","protected":false},"author":2,"featured_media":13014,"comment_status":"closed","ping_status":"closed","sticky":false,"template":"","format":"standard","meta":{"footnotes":"","jetpack_publicize_message":"","jetpack_publicize_feature_enabled":true,"jetpack_social_post_already_shared":true,"jetpack_social_options":{"image_generator_settings":{"template":"highway","enabled":false},"version":2}},"categories":[12],"tags":[],"class_list":["post-13013","post","type-post","status-publish","format-standard","has-post-thumbnail","hentry","category-politica"],"jetpack_publicize_connections":[],"_links":{"self":[{"href":"https:\/\/diariorepublica.com.ar\/web\/index.php\/wp-json\/wp\/v2\/posts\/13013"}],"collection":[{"href":"https:\/\/diariorepublica.com.ar\/web\/index.php\/wp-json\/wp\/v2\/posts"}],"about":[{"href":"https:\/\/diariorepublica.com.ar\/web\/index.php\/wp-json\/wp\/v2\/types\/post"}],"author":[{"embeddable":true,"href":"https:\/\/diariorepublica.com.ar\/web\/index.php\/wp-json\/wp\/v2\/users\/2"}],"replies":[{"embeddable":true,"href":"https:\/\/diariorepublica.com.ar\/web\/index.php\/wp-json\/wp\/v2\/comments?post=13013"}],"version-history":[{"count":1,"href":"https:\/\/diariorepublica.com.ar\/web\/index.php\/wp-json\/wp\/v2\/posts\/13013\/revisions"}],"predecessor-version":[{"id":13015,"href":"https:\/\/diariorepublica.com.ar\/web\/index.php\/wp-json\/wp\/v2\/posts\/13013\/revisions\/13015"}],"wp:featuredmedia":[{"embeddable":true,"href":"https:\/\/diariorepublica.com.ar\/web\/index.php\/wp-json\/wp\/v2\/media\/13014"}],"wp:attachment":[{"href":"https:\/\/diariorepublica.com.ar\/web\/index.php\/wp-json\/wp\/v2\/media?parent=13013"}],"wp:term":[{"taxonomy":"category","embeddable":true,"href":"https:\/\/diariorepublica.com.ar\/web\/index.php\/wp-json\/wp\/v2\/categories?post=13013"},{"taxonomy":"post_tag","embeddable":true,"href":"https:\/\/diariorepublica.com.ar\/web\/index.php\/wp-json\/wp\/v2\/tags?post=13013"}],"curies":[{"name":"wp","href":"https:\/\/api.w.org\/{rel}","templated":true}]}}