{"id":1302,"date":"2023-04-12T07:54:03","date_gmt":"2023-04-12T10:54:03","guid":{"rendered":"https:\/\/diariorepublica.com.ar\/web\/?p=1302"},"modified":"2023-04-12T07:54:04","modified_gmt":"2023-04-12T10:54:04","slug":"reunion-con-lake-resources-para-dialogar-sobre-avances-del-proyecto-kachi","status":"publish","type":"post","link":"https:\/\/diariorepublica.com.ar\/web\/index.php\/politica\/2023\/04\/12\/reunion-con-lake-resources-para-dialogar-sobre-avances-del-proyecto-kachi\/","title":{"rendered":"Reuni\u00f3n con Lake Resources para dialogar sobre avances del proyecto Kachi"},"content":{"rendered":"<p>El gobernador Ra\u00fal Jalil y el Embajador de Argentina en el Reino Unido, Javier Figueroa, mantuvieron una reuni\u00f3n con el representante de Lake Resources, para dialogar sobre las novedades respecto al proyecto de litio Kachi, que la empresa australiana est\u00e1 llevando adelante en Catamarca.<\/p>\n<p>Durante el encuentro, el representante de Lake Resources se manifest\u00f3 muy entusiasmado con el proyecto y el apoyo que est\u00e1 teniendo por parte de las autoridades nacionales y provinciales de Argentina.<\/p>\n<p>El proyecto lit\u00edfero ser\u00e1 financiado en gran parte por la agencia brit\u00e1nica UKEF (la agencia de cr\u00e9dito a la exportaci\u00f3n del Reino Unido).<\/p>\n<p>En este marco, el gobernador Jalil y el Embajador mantuvieron una reuni\u00f3n en las oficinas de UKEF, con Adam Harris (a cargo de la Direcci\u00f3n que maneja los proyectos civiles, de infraestructura y de energ\u00eda), Tim Palmer (a cargo del departamento que maneja energ\u00edas renovables y de transici\u00f3n) y Rajaram Jamadagni (manager en proyectos de bater\u00edas, energ\u00eda nuclear y solar).<\/p>\n<p>Los funcionarios brit\u00e1nicos explicaron que UKEF se encuentra analizando todos los aspectos legales y financieros para poder avanzar con el financiamiento. Se mostraron muy interesados en el proyecto, que tendr\u00e1 un importante impacto econ\u00f3mico y social en Catamarca, en particular, y en nuestro pa\u00eds en general.<\/p>\n<p>Para finalizar, el mandatario provincial junto al embajador Figueroa se reunieron con Alexander Brennan, CEO de Brennan &amp; Partners, empresa que asesora a inversores con intereses globales. Durante el encuentro, el Gobernador detall\u00f3 las oportunidades para inversiones en Catamarca.<\/p>\n","protected":false},"excerpt":{"rendered":"<p>El gobernador Ra\u00fal Jalil y el Embajador de Argentina en el Reino Unido, Javier Figueroa, mantuvieron una reuni\u00f3n con el<\/p>\n","protected":false},"author":1,"featured_media":1303,"comment_status":"closed","ping_status":"closed","sticky":false,"template":"","format":"standard","meta":{"footnotes":"","jetpack_publicize_message":"","jetpack_publicize_feature_enabled":true,"jetpack_social_post_already_shared":false,"jetpack_social_options":{"image_generator_settings":{"template":"highway","enabled":false},"version":2}},"categories":[12],"tags":[],"class_list":["post-1302","post","type-post","status-publish","format-standard","has-post-thumbnail","hentry","category-politica"],"jetpack_publicize_connections":[],"_links":{"self":[{"href":"https:\/\/diariorepublica.com.ar\/web\/index.php\/wp-json\/wp\/v2\/posts\/1302"}],"collection":[{"href":"https:\/\/diariorepublica.com.ar\/web\/index.php\/wp-json\/wp\/v2\/posts"}],"about":[{"href":"https:\/\/diariorepublica.com.ar\/web\/index.php\/wp-json\/wp\/v2\/types\/post"}],"author":[{"embeddable":true,"href":"https:\/\/diariorepublica.com.ar\/web\/index.php\/wp-json\/wp\/v2\/users\/1"}],"replies":[{"embeddable":true,"href":"https:\/\/diariorepublica.com.ar\/web\/index.php\/wp-json\/wp\/v2\/comments?post=1302"}],"version-history":[{"count":1,"href":"https:\/\/diariorepublica.com.ar\/web\/index.php\/wp-json\/wp\/v2\/posts\/1302\/revisions"}],"predecessor-version":[{"id":1304,"href":"https:\/\/diariorepublica.com.ar\/web\/index.php\/wp-json\/wp\/v2\/posts\/1302\/revisions\/1304"}],"wp:featuredmedia":[{"embeddable":true,"href":"https:\/\/diariorepublica.com.ar\/web\/index.php\/wp-json\/wp\/v2\/media\/1303"}],"wp:attachment":[{"href":"https:\/\/diariorepublica.com.ar\/web\/index.php\/wp-json\/wp\/v2\/media?parent=1302"}],"wp:term":[{"taxonomy":"category","embeddable":true,"href":"https:\/\/diariorepublica.com.ar\/web\/index.php\/wp-json\/wp\/v2\/categories?post=1302"},{"taxonomy":"post_tag","embeddable":true,"href":"https:\/\/diariorepublica.com.ar\/web\/index.php\/wp-json\/wp\/v2\/tags?post=1302"}],"curies":[{"name":"wp","href":"https:\/\/api.w.org\/{rel}","templated":true}]}}