{"id":13053,"date":"2024-03-21T07:45:25","date_gmt":"2024-03-21T10:45:25","guid":{"rendered":"https:\/\/diariorepublica.com.ar\/web\/?p=13053"},"modified":"2024-03-21T07:45:27","modified_gmt":"2024-03-21T10:45:27","slug":"gobierno-propone-a-ariel-lijo-y-manuel-garcia-mansilla-como-jueces-de-la-corte-suprema","status":"publish","type":"post","link":"https:\/\/diariorepublica.com.ar\/web\/index.php\/nacionales\/2024\/03\/21\/gobierno-propone-a-ariel-lijo-y-manuel-garcia-mansilla-como-jueces-de-la-corte-suprema\/","title":{"rendered":"Gobierno propone a Ariel Lijo y Manuel Garc\u00eda-Mansilla como jueces de la Corte Suprema"},"content":{"rendered":"<article class=\"article-body article-body--first-paragraph content-protected-false\" data-td-script-src=\"https:\/\/www.ambito.com\/td\/modulos\/encuestas\/js\/function-embeds-min-version-1710907672.js\">El Gobierno propuso a\u00a0<strong>Ariel Lijo<\/strong>\u00a0y a<strong>\u00a0Manuel Garc\u00eda-Mansilla<\/strong>\u00a0como jueces\u00a0para integrar la\u00a0<strong>Corte Suprema de Justicia de la Naci\u00f3n<\/strong>.<\/p>\n<\/article>\n<article class=\"article-body article-body--second-paragraph content-protected-false\">A trav\u00e9s de un comunicado de la cuenta de la\u00a0<strong>Oficina del Presidente<\/strong>\u00a0en la red social X (ex Twitter), el Gobierno dio a conocer los nombres para ocupar las vacantes de\u00a0<strong>Elena Highton<\/strong>\u00a0y\u00a0<strong>Juan Carlos Maqueda<\/strong>.<\/p>\n<article class=\"article-body article-body--third-paragraph content-protected-false\">\n<p class=\"com-paragraph   --s\">La informaci\u00f3n fue dada a conocer por la Oficina del Presidente de la Rep\u00fablica, con un comunicado publicado en la red social X (exTwitter).<\/p>\n<\/article>\n<article class=\"article-body article-body--fourth-paragraph content-protected-false\">\n<p class=\"com-paragraph   --s\">\u201cEl Presidente<strong>\u00a0Javier Milei<\/strong>, cumpliendo su mandato constitucional, y de acuerdo con la modificaci\u00f3n del Decreto 222\/2003 que ser\u00e1 publicada en las pr\u00f3ximas horas, ha tomado la determinaci\u00f3n de nominar al\u00a0<strong>Dr. Manuel Garc\u00eda-Mansilla\u00a0<\/strong>para reemplazar al actual juez de la Corte Suprema de la Naci\u00f3n,\u00a0<strong>Juan Carlos Maqueda<\/strong>, quien cumple 75 a\u00f1os el pr\u00f3ximo 29 de diciembre y deber\u00e1 en esa fecha dejar su cargo, como establece la ley\u201d.<\/p>\n<\/article>\n<article class=\"article-body article-body--remaining-paragraph content-protected-false\">\n<p class=\"com-paragraph   --s\">\u201cEl Poder Ejecutivo expresa su gratitud por la distinguida labor del\u00a0<strong>Dr. Maqueda<\/strong>\u00a0y resalta su extensa trayectoria en los tres poderes del Estado Nacional y en la Provincia de C\u00f3rdoba. En particular, se le agradece y reconoce su valiosa participaci\u00f3n como Juez de la Corte Suprema de Justicia durante veinte a\u00f1os\u201d, dice el comunicado.<\/p>\n<div id=\"embed89_wrap\" class=\"embed_cont type_freetext\" contenteditable=\"false\">\n<div id=\"embed89_content\" class=\"embed_content\">\n<div id=\"embed89_embed\">\n<div class=\"twitter-tweet twitter-tweet-rendered\"><iframe id=\"twitter-widget-0\" class=\"\" title=\"X Post\" src=\"https:\/\/platform.twitter.com\/embed\/Tweet.html?creatorScreenName=Ambitocom&amp;dnt=false&amp;embedId=twitter-widget-0&amp;features=eyJ0ZndfdGltZWxpbmVfbGlzdCI6eyJidWNrZXQiOltdLCJ2ZXJzaW9uIjpudWxsfSwidGZ3X2ZvbGxvd2VyX2NvdW50X3N1bnNldCI6eyJidWNrZXQiOnRydWUsInZlcnNpb24iOm51bGx9LCJ0ZndfdHdlZXRfZWRpdF9iYWNrZW5kIjp7ImJ1Y2tldCI6Im9uIiwidmVyc2lvbiI6bnVsbH0sInRmd19yZWZzcmNfc2Vzc2lvbiI6eyJidWNrZXQiOiJvbiIsInZlcnNpb24iOm51bGx9LCJ0ZndfZm9zbnJfc29mdF9pbnRlcnZlbnRpb25zX2VuYWJsZWQiOnsiYnVja2V0Ijoib24iLCJ2ZXJzaW9uIjpudWxsfSwidGZ3X21peGVkX21lZGlhXzE1ODk3Ijp7ImJ1Y2tldCI6InRyZWF0bWVudCIsInZlcnNpb24iOm51bGx9LCJ0ZndfZXhwZXJpbWVudHNfY29va2llX2V4cGlyYXRpb24iOnsiYnVja2V0IjoxMjA5NjAwLCJ2ZXJzaW9uIjpudWxsfSwidGZ3X3Nob3dfYmlyZHdhdGNoX3Bpdm90c19lbmFibGVkIjp7ImJ1Y2tldCI6Im9uIiwidmVyc2lvbiI6bnVsbH0sInRmd19kdXBsaWNhdGVfc2NyaWJlc190b19zZXR0aW5ncyI6eyJidWNrZXQiOiJvbiIsInZlcnNpb24iOm51bGx9LCJ0ZndfdXNlX3Byb2ZpbGVfaW1hZ2Vfc2hhcGVfZW5hYmxlZCI6eyJidWNrZXQiOiJvbiIsInZlcnNpb24iOm51bGx9LCJ0ZndfdmlkZW9faGxzX2R5bmFtaWNfbWFuaWZlc3RzXzE1MDgyIjp7ImJ1Y2tldCI6InRydWVfYml0cmF0ZSIsInZlcnNpb24iOm51bGx9LCJ0ZndfbGVnYWN5X3RpbWVsaW5lX3N1bnNldCI6eyJidWNrZXQiOnRydWUsInZlcnNpb24iOm51bGx9LCJ0ZndfdHdlZXRfZWRpdF9mcm9udGVuZCI6eyJidWNrZXQiOiJvbiIsInZlcnNpb24iOm51bGx9fQ%3D%3D&amp;frame=false&amp;hideCard=false&amp;hideThread=false&amp;id=1770489402050945372&amp;lang=es&amp;origin=https%3A%2F%2Fwww.ambito.com%2Fpolitica%2Fgobierno-propone-ariel-lijo-y-manuel-garcia-mansilla-como-jueces-la-corte-suprema-n5968407&amp;sessionId=76ce7cff3f79ee25bd27089448a6b72ba6cd882b&amp;siteScreenName=Ambitocom&amp;theme=light&amp;widgetsVersion=2615f7e52b7e0%3A1702314776716&amp;width=550px\" frameborder=\"0\" scrolling=\"no\" allowfullscreen=\"allowfullscreen\" data-tweet-id=\"1770489402050945372\" data-mce-fragment=\"1\"><\/iframe><\/div>\n<\/div>\n<\/div>\n<\/div>\n<h6>Qui\u00e9n es Ariel Lijo, el candidato del Gobierno para reemplazar a Elena Highton de Nolasco en la Corte Suprema<\/h6>\n<p>Nacido en 1968, los comienzos del\u00a0<strong>exjuez federal Ariel Lijo<\/strong>, uno de los dos candidatos del Gobierno para integrar la Corte Suprema, estuvieron marcados por su trabajo como secretario del excamarista federal Luis \u201cPiru\u201d Riva Aramayo.<\/p>\n<p>Fue nombrado como juez federal en 2004 luego de ser propuesto por el expresidente<strong>\u00a0N\u00e9stor Kirchner<\/strong>\u00a0en el concurso 59 en el que tambi\u00e9n participaban\u00a0<strong>Guillermo Montenegro, Daniel Rafecas y Juli\u00e1n Ercolini<\/strong>. Si bien qued\u00f3 en quinto lugar, las bajas de\u00a0<strong>Eduardo Freiler<\/strong>\u00a0y\u00a0<strong>Luis Salas<\/strong>\u00a0le permitieron ser uno de los cuatro enviados por el Poder Ejecutivo al Senado, que en octubre de ese mismo a\u00f1o aprob\u00f3 su pliego.<\/p>\n<p>En su carrera como juez tuvo en su responsabilidad diversas causas de \u00edndole e inter\u00e9s nacional:\u00a0<strong>particip\u00f3 de la investigaci\u00f3n de las causas conexas por el ataque a la AMIA en 1994<\/strong>. En esa causa envi\u00f3 a juicio oral al expresidente\u00a0<strong>Carlos Menem,<\/strong>\u00a0al ex jefe de la SIDE, Hugo Anzorreguy, al ex juez Juan Jos\u00e9 Galeano y a los fiscales Eamon Mullen y Jos\u00e9 Carlos Barbaccia, entre otros.<\/p>\n<p>Es abogado egresado de la\u00a0<strong>Universidad de Buenos Aires (UBA)\u00a0<\/strong>y ejerci\u00f3 la docencia tanto en esa universidad como en el Instituto Superior de Seguridad P\u00fablica de la Polic\u00eda Metropolitana y la Universidad Nacional de Lan\u00fas.<\/p>\n<h6>Qui\u00e9n es Manuel Garc\u00eda-Mansilla, el candidato del Gobierno para reemplazar a Juan Carlos Maqueda en la Corte Suprema<\/h6>\n<p><strong>Manuel Garc\u00eda-Mansilla\u00a0<\/strong>es un catedr\u00e1tico, decano de Facultad de Derecho de la Universidad Austral desde 2019, y director ejecutivo de la C\u00e1mara de Exploraci\u00f3n y Producci\u00f3n de Hidrocarburos (CEPH) desde 2014. Tambi\u00e9n integra el estudio Liendo &amp; Asociados desde 2010.<\/p>\n<p>Tras la determinaci\u00f3n de la nominaci\u00f3n, Garc\u00eda-Mansilla emiti\u00f3 una declaraci\u00f3n en la que afirm\u00f3 que\u00a0<strong>\u201cquiero agradecer al Presidente de la Naci\u00f3n por la honrosa distinci\u00f3n que me hace al nominarme para el cargo de juez de la Corte Suprema de Justicia de la Naci\u00f3n.\u00a0<\/strong>En caso de ser debidamente nombrado, asumir\u00e9 el compromiso de desempe\u00f1ar mis obligaciones como juez, de forma recta e imparcial, sin distinci\u00f3n de persona alguna, respetando siempre la Constituci\u00f3n Nacional\u201d.<\/p>\n<p>A diferencia del exjuez Ariel Lijo, quien es candidato del Gobierno para reemplazar a Elena Highton de Nolasco, Garc\u00eda-Mansilla se presenta en su perfil de Linkedin como un<strong>\u00a0\u201cespecialista en Derecho Constitucional, Oil &amp; Gas y Derecho Empresario\u201d<\/strong>.<\/p>\n<p>El letrado, especializado en el \u00e1mbito del gas y la energ\u00eda,<strong>\u00a0particip\u00f3 la negociaci\u00f3n y obtenci\u00f3n de la extensi\u00f3n por 10 a\u00f1os de una concesi\u00f3n de explotaci\u00f3n de hidrocarburos en Santa Cruz<\/strong>\u00a0y una concesi\u00f3n de explotaci\u00f3n no convencional de hidrocarburos por 35 a\u00f1os en la provincia de Salta, entre otros casos.<\/p>\n<p>Entre 2005 y 2006 represent\u00f3 a empresas como Vintage Oil Argentina ante la<strong>\u00a0C\u00e1mara de la Exploraci\u00f3n y Producci\u00f3n de Hidrocarburos<\/strong>. Se caracteriz\u00f3, en esos a\u00f1os, por \u00abla negociaci\u00f3n de todo tipo de contratos, incluyendo contratos t\u00edpicos de la industria del petr\u00f3leo y del gas (Drilling, Oil Field Services, Technical Services, Seismic Processing Agreements, Joint Operation Agreements, Data Exchange Agreements, etc.)\u00bb.<\/p>\n<\/article>\n<\/article>\n","protected":false},"excerpt":{"rendered":"<p>El Gobierno propuso a\u00a0Ariel Lijo\u00a0y a\u00a0Manuel Garc\u00eda-Mansilla\u00a0como jueces\u00a0para integrar la\u00a0Corte Suprema de Justicia de la Naci\u00f3n. A trav\u00e9s de un<\/p>\n","protected":false},"author":1,"featured_media":13054,"comment_status":"closed","ping_status":"closed","sticky":false,"template":"","format":"standard","meta":{"footnotes":"","jetpack_publicize_message":"","jetpack_publicize_feature_enabled":true,"jetpack_social_post_already_shared":true,"jetpack_social_options":{"image_generator_settings":{"template":"highway","enabled":false},"version":2}},"categories":[4],"tags":[],"class_list":["post-13053","post","type-post","status-publish","format-standard","has-post-thumbnail","hentry","category-nacionales"],"jetpack_publicize_connections":[],"_links":{"self":[{"href":"https:\/\/diariorepublica.com.ar\/web\/index.php\/wp-json\/wp\/v2\/posts\/13053"}],"collection":[{"href":"https:\/\/diariorepublica.com.ar\/web\/index.php\/wp-json\/wp\/v2\/posts"}],"about":[{"href":"https:\/\/diariorepublica.com.ar\/web\/index.php\/wp-json\/wp\/v2\/types\/post"}],"author":[{"embeddable":true,"href":"https:\/\/diariorepublica.com.ar\/web\/index.php\/wp-json\/wp\/v2\/users\/1"}],"replies":[{"embeddable":true,"href":"https:\/\/diariorepublica.com.ar\/web\/index.php\/wp-json\/wp\/v2\/comments?post=13053"}],"version-history":[{"count":1,"href":"https:\/\/diariorepublica.com.ar\/web\/index.php\/wp-json\/wp\/v2\/posts\/13053\/revisions"}],"predecessor-version":[{"id":13055,"href":"https:\/\/diariorepublica.com.ar\/web\/index.php\/wp-json\/wp\/v2\/posts\/13053\/revisions\/13055"}],"wp:featuredmedia":[{"embeddable":true,"href":"https:\/\/diariorepublica.com.ar\/web\/index.php\/wp-json\/wp\/v2\/media\/13054"}],"wp:attachment":[{"href":"https:\/\/diariorepublica.com.ar\/web\/index.php\/wp-json\/wp\/v2\/media?parent=13053"}],"wp:term":[{"taxonomy":"category","embeddable":true,"href":"https:\/\/diariorepublica.com.ar\/web\/index.php\/wp-json\/wp\/v2\/categories?post=13053"},{"taxonomy":"post_tag","embeddable":true,"href":"https:\/\/diariorepublica.com.ar\/web\/index.php\/wp-json\/wp\/v2\/tags?post=13053"}],"curies":[{"name":"wp","href":"https:\/\/api.w.org\/{rel}","templated":true}]}}