{"id":1306,"date":"2023-04-12T08:32:31","date_gmt":"2023-04-12T11:32:31","guid":{"rendered":"https:\/\/diariorepublica.com.ar\/web\/?p=1306"},"modified":"2023-04-12T08:32:32","modified_gmt":"2023-04-12T11:32:32","slug":"con-presencia-oficialista-se-llevo-a-cabo-un-nuevo-pedido-de-justicia-por-la-muerte-de-rojitas","status":"publish","type":"post","link":"https:\/\/diariorepublica.com.ar\/web\/index.php\/sociedad\/2023\/04\/12\/con-presencia-oficialista-se-llevo-a-cabo-un-nuevo-pedido-de-justicia-por-la-muerte-de-rojitas\/","title":{"rendered":"Con presencia oficialista se llev\u00f3 a cabo un nuevo pedido de Justicia por la muerte de \u201cRojitas\u201d"},"content":{"rendered":"<p>Ayer se realiz\u00f3 una nueva marcha para reclamar justicia por el crimen del exministro de Desarrollo Social, Juan Carlos Rojas. En esta oportunidad, la convocatoria, que parti\u00f3 desde la Alameda hasta la plaza 25 de Mayo, cont\u00f3 con la presencia del intendente de la Capital, Gustavo Saadi y el ministro de Gobierno, Juan Cruz Miranda, quienes asistieron a la convocatoria para respaldar el reclamo de la familia Rojas.<\/p>\n<p>El intendente Gustavo Saadi, acompa\u00f1ado del secretario de Gobierno Mariano Rosales, coment\u00f3 que su decisi\u00f3n fue acompa\u00f1ar a la familia en el reclamo de justicia. \u00abLo necesita la familia y adem\u00e1s la sociedad toda quiere que se esclarezca este terrible asesinato que sufri\u00f3 Juan Carlos\u00bb, sostuvo.<\/p>\n<p>En esta l\u00ednea fue contundente al se\u00f1alar que no opinar\u00eda de la marcha de la investigaci\u00f3n judicial porque \u00abhay que ser muy responsables y muy serios a la hora de opinar. hay que tener elementos para eso, tener conocimiento del expediente, no se puede andar tirando hip\u00f3tesis y opiniones. Yo voy a ser muy prudente y muy responsable. Estoy aqu\u00ed para pedir justicia por Juan Carlos para acompa\u00f1ar a la familia y por la memoria de una gran persona\u00bb<\/p>\n","protected":false},"excerpt":{"rendered":"<p>Ayer se realiz\u00f3 una nueva marcha para reclamar justicia por el crimen del exministro de Desarrollo Social, Juan Carlos Rojas.<\/p>\n","protected":false},"author":2,"featured_media":1307,"comment_status":"closed","ping_status":"closed","sticky":false,"template":"","format":"standard","meta":{"footnotes":"","jetpack_publicize_message":"","jetpack_publicize_feature_enabled":true,"jetpack_social_post_already_shared":false,"jetpack_social_options":{"image_generator_settings":{"template":"highway","enabled":false},"version":2}},"categories":[3],"tags":[],"class_list":["post-1306","post","type-post","status-publish","format-standard","has-post-thumbnail","hentry","category-sociedad"],"jetpack_publicize_connections":[],"_links":{"self":[{"href":"https:\/\/diariorepublica.com.ar\/web\/index.php\/wp-json\/wp\/v2\/posts\/1306"}],"collection":[{"href":"https:\/\/diariorepublica.com.ar\/web\/index.php\/wp-json\/wp\/v2\/posts"}],"about":[{"href":"https:\/\/diariorepublica.com.ar\/web\/index.php\/wp-json\/wp\/v2\/types\/post"}],"author":[{"embeddable":true,"href":"https:\/\/diariorepublica.com.ar\/web\/index.php\/wp-json\/wp\/v2\/users\/2"}],"replies":[{"embeddable":true,"href":"https:\/\/diariorepublica.com.ar\/web\/index.php\/wp-json\/wp\/v2\/comments?post=1306"}],"version-history":[{"count":1,"href":"https:\/\/diariorepublica.com.ar\/web\/index.php\/wp-json\/wp\/v2\/posts\/1306\/revisions"}],"predecessor-version":[{"id":1308,"href":"https:\/\/diariorepublica.com.ar\/web\/index.php\/wp-json\/wp\/v2\/posts\/1306\/revisions\/1308"}],"wp:featuredmedia":[{"embeddable":true,"href":"https:\/\/diariorepublica.com.ar\/web\/index.php\/wp-json\/wp\/v2\/media\/1307"}],"wp:attachment":[{"href":"https:\/\/diariorepublica.com.ar\/web\/index.php\/wp-json\/wp\/v2\/media?parent=1306"}],"wp:term":[{"taxonomy":"category","embeddable":true,"href":"https:\/\/diariorepublica.com.ar\/web\/index.php\/wp-json\/wp\/v2\/categories?post=1306"},{"taxonomy":"post_tag","embeddable":true,"href":"https:\/\/diariorepublica.com.ar\/web\/index.php\/wp-json\/wp\/v2\/tags?post=1306"}],"curies":[{"name":"wp","href":"https:\/\/api.w.org\/{rel}","templated":true}]}}