{"id":13080,"date":"2024-03-21T08:03:25","date_gmt":"2024-03-21T11:03:25","guid":{"rendered":"https:\/\/diariorepublica.com.ar\/web\/?p=13080"},"modified":"2024-03-21T08:03:26","modified_gmt":"2024-03-21T11:03:26","slug":"la-anmat-prohibio-la-venta-de-un-aceite-de-oliva","status":"publish","type":"post","link":"https:\/\/diariorepublica.com.ar\/web\/index.php\/sociedad\/2024\/03\/21\/la-anmat-prohibio-la-venta-de-un-aceite-de-oliva\/","title":{"rendered":"La Anmat prohibi\u00f3 la venta de un aceite de oliva"},"content":{"rendered":"<p class=\"com-paragraph  --capital --s\">La <strong>Administraci\u00f3n Nacional de Medicamentos<\/strong>,\u00a0<strong>Alimentos y Tecnolog\u00eda M\u00e9dica\u00a0<\/strong>(Anmat)<strong>\u00a0<\/strong>prohibi\u00f3 la elaboraci\u00f3n y comercializaci\u00f3n en todo el pa\u00eds de\u00a0<strong>un aceite de oliva extra virgen.<\/strong>\u00a0Se trata de la<strong>\u00a0marca Don Mar\u00edas del Valle<\/strong>\u00a0producida en la provincia de\u00a0<strong>Mendoza<\/strong>, la cual no cumpl\u00eda con los requisitos necesarios para vender al p\u00fablico y consider\u00f3 a su producto como \u201cilegal\u201d.<\/p>\n<div class=\"hidden\"><\/div>\n<div class=\"hidden\"><\/div>\n<p class=\"com-paragraph   --s\">Mediante la d<em>isposici\u00f3n 2720\/2024\u00a0<\/em>publicada este jueves en el\u00a0<strong>Bolet\u00edn Oficial<\/strong>,<strong>\u00a0<\/strong>el organismo dependiente del Ministerio de Salud justific\u00f3 su decisi\u00f3n para \u201c<strong>proteger la salud de los ciudadanos<\/strong>\u201d dado que luego de la investigaci\u00f3n pertinente resolvi\u00f3 que la marca carec\u00eda de los registros de establecimiento y de producto marca.<\/p>\n<p class=\"com-paragraph   --s\">La Anmat tambi\u00e9n argument\u00f3 su decisi\u00f3n en base a que la marca de aceite de oliva<strong>\u00a0no pose\u00eda la debida rotulaci\u00f3n y etiquetado en sus envases<\/strong>. Adem\u00e1s, el n\u00famero de RNE (Registro Nacional de Establecimientos) pertenece a otra raz\u00f3n social y el n\u00famero de RNPA (Registro Nacional de Productos Alimenticios) corresponde a otro producto, resalt\u00f3 el instituto p\u00fablico.<\/p>\n<div class=\"hidden\"><\/div>\n<p class=\"com-paragraph   --s\">En ese sentido, el organismo descentralizado subray\u00f3 que \u201c<strong>no puede garantizarse su trazabilidad, sus condiciones de elaboraci\u00f3n, su calidad con adecuados niveles de control\u00a0<\/strong>bajo las condiciones establecidas por la normativa vigente y su inocuidad\u201d y cit\u00f3 al Departamento de Rector\u00eda en Normativa Alimentaria del Instituto Nacional de Alimentos (INAL), que recomend\u00f3 \u201cprohibir la elaboraci\u00f3n, fraccionamiento y comercializaci\u00f3n en todo el territorio nacional del citado alimento\u201d<\/p>\n","protected":false},"excerpt":{"rendered":"<p>La Administraci\u00f3n Nacional de Medicamentos,\u00a0Alimentos y Tecnolog\u00eda M\u00e9dica\u00a0(Anmat)\u00a0prohibi\u00f3 la elaboraci\u00f3n y comercializaci\u00f3n en todo el pa\u00eds de\u00a0un aceite de oliva<\/p>\n","protected":false},"author":1,"featured_media":13081,"comment_status":"closed","ping_status":"closed","sticky":false,"template":"","format":"standard","meta":{"footnotes":"","jetpack_publicize_message":"","jetpack_publicize_feature_enabled":true,"jetpack_social_post_already_shared":true,"jetpack_social_options":{"image_generator_settings":{"template":"highway","enabled":false},"version":2}},"categories":[3],"tags":[],"class_list":["post-13080","post","type-post","status-publish","format-standard","has-post-thumbnail","hentry","category-sociedad"],"jetpack_publicize_connections":[],"_links":{"self":[{"href":"https:\/\/diariorepublica.com.ar\/web\/index.php\/wp-json\/wp\/v2\/posts\/13080"}],"collection":[{"href":"https:\/\/diariorepublica.com.ar\/web\/index.php\/wp-json\/wp\/v2\/posts"}],"about":[{"href":"https:\/\/diariorepublica.com.ar\/web\/index.php\/wp-json\/wp\/v2\/types\/post"}],"author":[{"embeddable":true,"href":"https:\/\/diariorepublica.com.ar\/web\/index.php\/wp-json\/wp\/v2\/users\/1"}],"replies":[{"embeddable":true,"href":"https:\/\/diariorepublica.com.ar\/web\/index.php\/wp-json\/wp\/v2\/comments?post=13080"}],"version-history":[{"count":1,"href":"https:\/\/diariorepublica.com.ar\/web\/index.php\/wp-json\/wp\/v2\/posts\/13080\/revisions"}],"predecessor-version":[{"id":13082,"href":"https:\/\/diariorepublica.com.ar\/web\/index.php\/wp-json\/wp\/v2\/posts\/13080\/revisions\/13082"}],"wp:featuredmedia":[{"embeddable":true,"href":"https:\/\/diariorepublica.com.ar\/web\/index.php\/wp-json\/wp\/v2\/media\/13081"}],"wp:attachment":[{"href":"https:\/\/diariorepublica.com.ar\/web\/index.php\/wp-json\/wp\/v2\/media?parent=13080"}],"wp:term":[{"taxonomy":"category","embeddable":true,"href":"https:\/\/diariorepublica.com.ar\/web\/index.php\/wp-json\/wp\/v2\/categories?post=13080"},{"taxonomy":"post_tag","embeddable":true,"href":"https:\/\/diariorepublica.com.ar\/web\/index.php\/wp-json\/wp\/v2\/tags?post=13080"}],"curies":[{"name":"wp","href":"https:\/\/api.w.org\/{rel}","templated":true}]}}