{"id":1309,"date":"2023-04-12T08:34:27","date_gmt":"2023-04-12T11:34:27","guid":{"rendered":"https:\/\/diariorepublica.com.ar\/web\/?p=1309"},"modified":"2023-04-12T08:34:27","modified_gmt":"2023-04-12T11:34:27","slug":"politizar-el-caso-es-de-una-bajeza-tremenda","status":"publish","type":"post","link":"https:\/\/diariorepublica.com.ar\/web\/index.php\/politica\/2023\/04\/12\/politizar-el-caso-es-de-una-bajeza-tremenda\/","title":{"rendered":"\u201cPolitizar el caso es de una bajeza tremenda\u201d"},"content":{"rendered":"<p>El ministro de Gobierno, Juan Cruz Miranda, coment\u00f3 que dialog\u00f3 con la familia. \u00abHemos transmitido que desde el Gobierno estamos a disposici\u00f3n para que se pueda esclarecer. Juan Carlos Rojas era un compa\u00f1ero nuestro y una persona muy querida\u00bb.<\/p>\n<p>M\u00e1s adelante fue cr\u00edtico con la oposici\u00f3n que pretende politizar el caso. Tambi\u00e9n se\u00f1al\u00f3 que el Gobierno puso a disposici\u00f3n del fiscal Hugo Costilla todos los expedientes de Desarrollo Social, durante la gesti\u00f3n de Rojas.<\/p>\n<p>\u00abPolitizar un caso como este es de una bajeza tremenda. No politicemos esto que le pas\u00f3 a un compa\u00f1ero nuestro y todos los que quieran entrar en el barro de la pol\u00edtica con esto se van a equivocar\u00bb<\/p>\n","protected":false},"excerpt":{"rendered":"<p>El ministro de Gobierno, Juan Cruz Miranda, coment\u00f3 que dialog\u00f3 con la familia. \u00abHemos transmitido que desde el Gobierno estamos<\/p>\n","protected":false},"author":2,"featured_media":1310,"comment_status":"closed","ping_status":"closed","sticky":false,"template":"","format":"standard","meta":{"footnotes":"","jetpack_publicize_message":"","jetpack_publicize_feature_enabled":true,"jetpack_social_post_already_shared":false,"jetpack_social_options":{"image_generator_settings":{"template":"highway","enabled":false},"version":2}},"categories":[12],"tags":[],"class_list":["post-1309","post","type-post","status-publish","format-standard","has-post-thumbnail","hentry","category-politica"],"jetpack_publicize_connections":[],"_links":{"self":[{"href":"https:\/\/diariorepublica.com.ar\/web\/index.php\/wp-json\/wp\/v2\/posts\/1309"}],"collection":[{"href":"https:\/\/diariorepublica.com.ar\/web\/index.php\/wp-json\/wp\/v2\/posts"}],"about":[{"href":"https:\/\/diariorepublica.com.ar\/web\/index.php\/wp-json\/wp\/v2\/types\/post"}],"author":[{"embeddable":true,"href":"https:\/\/diariorepublica.com.ar\/web\/index.php\/wp-json\/wp\/v2\/users\/2"}],"replies":[{"embeddable":true,"href":"https:\/\/diariorepublica.com.ar\/web\/index.php\/wp-json\/wp\/v2\/comments?post=1309"}],"version-history":[{"count":1,"href":"https:\/\/diariorepublica.com.ar\/web\/index.php\/wp-json\/wp\/v2\/posts\/1309\/revisions"}],"predecessor-version":[{"id":1311,"href":"https:\/\/diariorepublica.com.ar\/web\/index.php\/wp-json\/wp\/v2\/posts\/1309\/revisions\/1311"}],"wp:featuredmedia":[{"embeddable":true,"href":"https:\/\/diariorepublica.com.ar\/web\/index.php\/wp-json\/wp\/v2\/media\/1310"}],"wp:attachment":[{"href":"https:\/\/diariorepublica.com.ar\/web\/index.php\/wp-json\/wp\/v2\/media?parent=1309"}],"wp:term":[{"taxonomy":"category","embeddable":true,"href":"https:\/\/diariorepublica.com.ar\/web\/index.php\/wp-json\/wp\/v2\/categories?post=1309"},{"taxonomy":"post_tag","embeddable":true,"href":"https:\/\/diariorepublica.com.ar\/web\/index.php\/wp-json\/wp\/v2\/tags?post=1309"}],"curies":[{"name":"wp","href":"https:\/\/api.w.org\/{rel}","templated":true}]}}