{"id":13091,"date":"2024-03-22T06:47:26","date_gmt":"2024-03-22T09:47:26","guid":{"rendered":"https:\/\/diariorepublica.com.ar\/web\/?p=13091"},"modified":"2024-03-22T06:47:29","modified_gmt":"2024-03-22T09:47:29","slug":"robo-de-rodocrosita-radicales-solicitaron-auditoria-contable-a-camyen","status":"publish","type":"post","link":"https:\/\/diariorepublica.com.ar\/web\/index.php\/politica\/2024\/03\/22\/robo-de-rodocrosita-radicales-solicitaron-auditoria-contable-a-camyen\/","title":{"rendered":"Robo de Rodocrosita: Radicales solicitaron auditoria contable a CAMYEN"},"content":{"rendered":"<p>Los diputados radicales Alfredo Marchioli, Alicia Paz y Luis Fadel solicitaron la conformaci\u00f3n de la Comisi\u00f3n Bicameral de control de CAMYEN y a su vez exhortaron a la C\u00e1mara baja que realice una auditor\u00eda contable a la empresa minera estatal.<\/p>\n<p>El pedido fue realizado mediante un proyecto de resoluci\u00f3n que tom\u00f3 estado parlamentario en la pasada session extraordinaria de la c\u00e1mara<\/p>\n<p>Luego de destacar los beneficios de esta piedra semipreciosa para la cultura y la econom\u00eda de la provincia, los legisladores se\u00f1alaron que \u201clamentablemente no todo es color de rosa debido a los reiterados il\u00edcitos cometidos recientemente relacionados con el tr\u00e1fico ilegal de rodocrosita en Catamarca\u201d.<\/p>\n<p>En este sentido, destacaron que en el \u00faltimo tiempo, \u201cla Polic\u00eda Minera, dependiente de la Direcci\u00f3n provincial del Ministerio de Miner\u00eda de Catamarca, habr\u00eda incautado alrededor de 700 kg de la piedra semipreciosa\u201d. A\u00f1adieron que \u00aben un puesto caminero en \u2018Las Salinas\u2019 se realiz\u00f3 un procedimiento donde secuestraron otros 12 kilos de rodocrosita\u201d.<\/p>\n<p>\u201cA partir de ese hecho se realiz\u00f3 una investigaci\u00f3n y se procedi\u00f3 a materializar allanamientos en distintos inmuebles de la provincia en los cuales se encontr\u00f3 una gran cantidad de piedras de rodocrosita que arrojaron un pesaje de 12.000 kg, que por su magnitud es alarmante por no tener precedentes en nuestra provincia de hechos similares, con el agravante de que esa cantidad es equivalente a tres meses de producci\u00f3n\u201d, resaltaron los legisladores.<\/p>\n","protected":false},"excerpt":{"rendered":"<p>Los diputados radicales Alfredo Marchioli, Alicia Paz y Luis Fadel solicitaron la conformaci\u00f3n de la Comisi\u00f3n Bicameral de control de<\/p>\n","protected":false},"author":2,"featured_media":13092,"comment_status":"closed","ping_status":"closed","sticky":false,"template":"","format":"standard","meta":{"footnotes":"","jetpack_publicize_message":"","jetpack_publicize_feature_enabled":true,"jetpack_social_post_already_shared":true,"jetpack_social_options":{"image_generator_settings":{"template":"highway","enabled":false},"version":2}},"categories":[12],"tags":[],"class_list":["post-13091","post","type-post","status-publish","format-standard","has-post-thumbnail","hentry","category-politica"],"jetpack_publicize_connections":[],"_links":{"self":[{"href":"https:\/\/diariorepublica.com.ar\/web\/index.php\/wp-json\/wp\/v2\/posts\/13091"}],"collection":[{"href":"https:\/\/diariorepublica.com.ar\/web\/index.php\/wp-json\/wp\/v2\/posts"}],"about":[{"href":"https:\/\/diariorepublica.com.ar\/web\/index.php\/wp-json\/wp\/v2\/types\/post"}],"author":[{"embeddable":true,"href":"https:\/\/diariorepublica.com.ar\/web\/index.php\/wp-json\/wp\/v2\/users\/2"}],"replies":[{"embeddable":true,"href":"https:\/\/diariorepublica.com.ar\/web\/index.php\/wp-json\/wp\/v2\/comments?post=13091"}],"version-history":[{"count":1,"href":"https:\/\/diariorepublica.com.ar\/web\/index.php\/wp-json\/wp\/v2\/posts\/13091\/revisions"}],"predecessor-version":[{"id":13093,"href":"https:\/\/diariorepublica.com.ar\/web\/index.php\/wp-json\/wp\/v2\/posts\/13091\/revisions\/13093"}],"wp:featuredmedia":[{"embeddable":true,"href":"https:\/\/diariorepublica.com.ar\/web\/index.php\/wp-json\/wp\/v2\/media\/13092"}],"wp:attachment":[{"href":"https:\/\/diariorepublica.com.ar\/web\/index.php\/wp-json\/wp\/v2\/media?parent=13091"}],"wp:term":[{"taxonomy":"category","embeddable":true,"href":"https:\/\/diariorepublica.com.ar\/web\/index.php\/wp-json\/wp\/v2\/categories?post=13091"},{"taxonomy":"post_tag","embeddable":true,"href":"https:\/\/diariorepublica.com.ar\/web\/index.php\/wp-json\/wp\/v2\/tags?post=13091"}],"curies":[{"name":"wp","href":"https:\/\/api.w.org\/{rel}","templated":true}]}}