{"id":13103,"date":"2024-03-22T07:27:21","date_gmt":"2024-03-22T10:27:21","guid":{"rendered":"https:\/\/diariorepublica.com.ar\/web\/?p=13103"},"modified":"2024-03-22T07:27:23","modified_gmt":"2024-03-22T10:27:23","slug":"24m-historica-clase-publica-en-el-ies-clara-j-armstrong","status":"publish","type":"post","link":"https:\/\/diariorepublica.com.ar\/web\/index.php\/sociedad\/2024\/03\/22\/24m-historica-clase-publica-en-el-ies-clara-j-armstrong\/","title":{"rendered":"24M: hist\u00f3rica clase publica en el IES Clara J. Armstrong"},"content":{"rendered":"<p>El d\u00eda mi\u00e9rcoles 20 de marzo, el Profesorado en Educaci\u00f3n Secundaria en Ciencias Pol\u00edticas del IES Clara Janet Armstrong llev\u00f3 adelante una clase p\u00fablica para conmemorar el D\u00eda Nacional de la Memoria por la Verdad y la Justicia.<\/p>\n<p>La actividad, coordinada por el profesor Bruno Corzo, cont\u00f3 con la presencia y la intervenci\u00f3n de Luis Rodr\u00edguez, militante de las causas de derechos humanos en nuestra provincia. Su intervenci\u00f3n nos invit\u00f3 a reflexionar sobre \u00abLa vigencia de la lucha por los derechos humanos en la actualidad\u00bb. Lo acompa\u00f1aron en su exposici\u00f3n Claudia Vega, madre de Diego Pachao y su abogado defensor \u00abYiyo\u00bb Gal\u00edndez.<br \/>\nLos estudiantes presentes rescataron que \u00abestamos en un momento hist\u00f3rico de defensa de los Derechos conquistados\u00bb.<br \/>\nEntre sus reflexiones se destac\u00f3 que la defensa de los derechos humanos no es una causa clausurada, que es una lucha con ra\u00edces en el colonialismo y en la cual se interseccionan m\u00faltiples luchas. Tambi\u00e9n celebraron la apertura de la instituci\u00f3n para proponer actividades que abran las aulas a toda la sociedad.<br \/>\nPor su parte, la Rectora Robertina Mediavilla agradeci\u00f3 al docente organizador de la actividad, Prof. Bruno Corzo y a la coordinadora de la carrera, Lic Victoria Casado Tolosa por la propuesta innovadora en el instituto.<\/p>\n","protected":false},"excerpt":{"rendered":"<p>El d\u00eda mi\u00e9rcoles 20 de marzo, el Profesorado en Educaci\u00f3n Secundaria en Ciencias Pol\u00edticas del IES Clara Janet Armstrong llev\u00f3<\/p>\n","protected":false},"author":2,"featured_media":13104,"comment_status":"closed","ping_status":"closed","sticky":false,"template":"","format":"standard","meta":{"footnotes":"","jetpack_publicize_message":"","jetpack_publicize_feature_enabled":true,"jetpack_social_post_already_shared":true,"jetpack_social_options":{"image_generator_settings":{"template":"highway","enabled":false},"version":2}},"categories":[3],"tags":[],"class_list":["post-13103","post","type-post","status-publish","format-standard","has-post-thumbnail","hentry","category-sociedad"],"jetpack_publicize_connections":[],"_links":{"self":[{"href":"https:\/\/diariorepublica.com.ar\/web\/index.php\/wp-json\/wp\/v2\/posts\/13103"}],"collection":[{"href":"https:\/\/diariorepublica.com.ar\/web\/index.php\/wp-json\/wp\/v2\/posts"}],"about":[{"href":"https:\/\/diariorepublica.com.ar\/web\/index.php\/wp-json\/wp\/v2\/types\/post"}],"author":[{"embeddable":true,"href":"https:\/\/diariorepublica.com.ar\/web\/index.php\/wp-json\/wp\/v2\/users\/2"}],"replies":[{"embeddable":true,"href":"https:\/\/diariorepublica.com.ar\/web\/index.php\/wp-json\/wp\/v2\/comments?post=13103"}],"version-history":[{"count":1,"href":"https:\/\/diariorepublica.com.ar\/web\/index.php\/wp-json\/wp\/v2\/posts\/13103\/revisions"}],"predecessor-version":[{"id":13105,"href":"https:\/\/diariorepublica.com.ar\/web\/index.php\/wp-json\/wp\/v2\/posts\/13103\/revisions\/13105"}],"wp:featuredmedia":[{"embeddable":true,"href":"https:\/\/diariorepublica.com.ar\/web\/index.php\/wp-json\/wp\/v2\/media\/13104"}],"wp:attachment":[{"href":"https:\/\/diariorepublica.com.ar\/web\/index.php\/wp-json\/wp\/v2\/media?parent=13103"}],"wp:term":[{"taxonomy":"category","embeddable":true,"href":"https:\/\/diariorepublica.com.ar\/web\/index.php\/wp-json\/wp\/v2\/categories?post=13103"},{"taxonomy":"post_tag","embeddable":true,"href":"https:\/\/diariorepublica.com.ar\/web\/index.php\/wp-json\/wp\/v2\/tags?post=13103"}],"curies":[{"name":"wp","href":"https:\/\/api.w.org\/{rel}","templated":true}]}}