{"id":13126,"date":"2024-03-25T09:39:11","date_gmt":"2024-03-25T12:39:11","guid":{"rendered":"https:\/\/diariorepublica.com.ar\/web\/?p=13126"},"modified":"2024-03-25T09:39:14","modified_gmt":"2024-03-25T12:39:14","slug":"la-sociedad-esta-dispuesta-a-soportar-el-ajuste-nacional","status":"publish","type":"post","link":"https:\/\/diariorepublica.com.ar\/web\/index.php\/politica\/2024\/03\/25\/la-sociedad-esta-dispuesta-a-soportar-el-ajuste-nacional\/","title":{"rendered":"\u00abLa sociedad est\u00e1 dispuesta a soportar el ajuste nacional\u00bb"},"content":{"rendered":"<p>El gobernador Ra\u00fal Jalil ratific\u00f3 su postura de buscar el di\u00e1logo con el Gobierno nacional. En este sentido, exhort\u00f3 a la gesti\u00f3n libertaria a acordar posiciones con las provincias. Tambi\u00e9n resalt\u00f3 que la sociedad est\u00e1 dispuesta a soportar el ajuste nacional con tal de que la econom\u00eda mejore en el futuro.<\/p>\n<p>Consultado sobre los 100 primeros d\u00edas del Gobierno nacional, Jalil advirti\u00f3 que \u00abel pa\u00eds viene de un proceso muy complejo de lo que significa la macroeconom\u00eda: el d\u00e9ficit fiscal, la emisi\u00f3n monetaria y el desempleo\u00bb. En este marco, dijo que hasta el momento, \u00abse han cumplido algunos objetivos\u00bb, pero que \u00abhubiese sido mejor que se cumplan con m\u00e1s acuerdo politico<\/p>\n<p>Jalil tambien expres\u00f3 \u00abSoy optimista en que vamos a encontrar puntos de acuerdo en el pacto del 25 de mayo. No nos podemos poner de acuerdo en todo, pero s\u00ed en muchos puntos que son fundamentales para que la Argentina estabilice la macroeconom\u00eda, que es lo que la gente est\u00e1 pidiendo hoy\u00bb<\/p>\n<p>\u00a0<\/p>\n","protected":false},"excerpt":{"rendered":"<p>El gobernador Ra\u00fal Jalil ratific\u00f3 su postura de buscar el di\u00e1logo con el Gobierno nacional. En este sentido, exhort\u00f3 a<\/p>\n","protected":false},"author":2,"featured_media":13127,"comment_status":"closed","ping_status":"closed","sticky":false,"template":"","format":"standard","meta":{"footnotes":"","jetpack_publicize_message":"","jetpack_publicize_feature_enabled":true,"jetpack_social_post_already_shared":true,"jetpack_social_options":{"image_generator_settings":{"template":"highway","enabled":false},"version":2}},"categories":[12],"tags":[],"class_list":["post-13126","post","type-post","status-publish","format-standard","has-post-thumbnail","hentry","category-politica"],"jetpack_publicize_connections":[],"_links":{"self":[{"href":"https:\/\/diariorepublica.com.ar\/web\/index.php\/wp-json\/wp\/v2\/posts\/13126"}],"collection":[{"href":"https:\/\/diariorepublica.com.ar\/web\/index.php\/wp-json\/wp\/v2\/posts"}],"about":[{"href":"https:\/\/diariorepublica.com.ar\/web\/index.php\/wp-json\/wp\/v2\/types\/post"}],"author":[{"embeddable":true,"href":"https:\/\/diariorepublica.com.ar\/web\/index.php\/wp-json\/wp\/v2\/users\/2"}],"replies":[{"embeddable":true,"href":"https:\/\/diariorepublica.com.ar\/web\/index.php\/wp-json\/wp\/v2\/comments?post=13126"}],"version-history":[{"count":1,"href":"https:\/\/diariorepublica.com.ar\/web\/index.php\/wp-json\/wp\/v2\/posts\/13126\/revisions"}],"predecessor-version":[{"id":13128,"href":"https:\/\/diariorepublica.com.ar\/web\/index.php\/wp-json\/wp\/v2\/posts\/13126\/revisions\/13128"}],"wp:featuredmedia":[{"embeddable":true,"href":"https:\/\/diariorepublica.com.ar\/web\/index.php\/wp-json\/wp\/v2\/media\/13127"}],"wp:attachment":[{"href":"https:\/\/diariorepublica.com.ar\/web\/index.php\/wp-json\/wp\/v2\/media?parent=13126"}],"wp:term":[{"taxonomy":"category","embeddable":true,"href":"https:\/\/diariorepublica.com.ar\/web\/index.php\/wp-json\/wp\/v2\/categories?post=13126"},{"taxonomy":"post_tag","embeddable":true,"href":"https:\/\/diariorepublica.com.ar\/web\/index.php\/wp-json\/wp\/v2\/tags?post=13126"}],"curies":[{"name":"wp","href":"https:\/\/api.w.org\/{rel}","templated":true}]}}