{"id":13139,"date":"2024-03-25T14:46:00","date_gmt":"2024-03-25T17:46:00","guid":{"rendered":"https:\/\/diariorepublica.com.ar\/web\/?p=13139"},"modified":"2024-03-25T10:48:20","modified_gmt":"2024-03-25T13:48:20","slug":"horarios-de-los-museos-provinciales-en-semana-santa","status":"publish","type":"post","link":"https:\/\/diariorepublica.com.ar\/web\/index.php\/sociedad\/2024\/03\/25\/horarios-de-los-museos-provinciales-en-semana-santa\/","title":{"rendered":"Horarios de los museos provinciales en Semana Santa"},"content":{"rendered":"<p>Desde la Direcci\u00f3n Provincial de Patrimonio y Museos, que depende del Ministerio de Cultura, Turismo y Deporte de la Provincia, anunciaron que, con motivo del fin de semana largo de Semana Santa, los museos provinciales y Tienda C contar\u00e1n con horario especial de atenci\u00f3n al p\u00fablico, por lo que el viernes 29 y s\u00e1bado 30 de marzo abrir\u00e1n sus puertas de 9.30 a 12.30 hs en el turno ma\u00f1ana, y de 17.30 a 20.30 hs en el turno tarde.<\/p>\n<p>Para el domingo 31 de marzo los museos y Tienda C permanecer\u00e1n cerrados, retomando la actividad el lunes 1 y martes 2 de abril de 9.30 a 12.30 hs. Cabe destacar que el acceso a los muesos es de entrada libre y gratuita.<\/p>\n<p>En tanto que la Oficina de Informaci\u00f3n Tur\u00edstica estar\u00e1 activa durante todo el fin de semana en el horario de 9 a 21 hs esperando la afluencia del turismo para brindar el asesoramiento correspondiente para los visitantes.<\/p>\n<p>Estos son los museos, espacios culturales de la ciudad y sitios de informaci\u00f3n tur\u00edstica que permanecer\u00e1n abiertos con atenci\u00f3n al p\u00fablico en este fin de semana largo de Semana Santa.<\/p>\n<p>\u2022\u00a0\u00a0\u00a0\u00a0\u00a0\u00a0\u00a0\u00a0\u00a0\u00a0\u00a0\u00a0 Museo de la Fiesta del Poncho, ubicado en el Predio Ferial, cuenta la historia de la fiesta a trav\u00e9s de un vasto tesoro de objetos, fotos, documentos, instrumentos musicales y vestimentas.<\/p>\n<p>\u2022\u00a0\u00a0\u00a0\u00a0\u00a0\u00a0\u00a0\u00a0\u00a0\u00a0\u00a0\u00a0 Museo de Bellas Artes Laureano Brizuela (San Mart\u00edn 316) que exhibe por estos d\u00edas la muestra de pinturas \u00abInstantes Detenidos\u00bb de Diego Rivas Ruzo.<\/p>\n<p>\u2022\u00a0\u00a0\u00a0\u00a0\u00a0\u00a0\u00a0\u00a0\u00a0\u00a0\u00a0\u00a0 Museo Hist\u00f3rico Provincial (Chacabuco 425). Contiene valiosas piezas que testimonian la vida p\u00fablica y privada de Catamarca.<\/p>\n<p>\u2022\u00a0\u00a0\u00a0\u00a0\u00a0\u00a0\u00a0\u00a0\u00a0\u00a0\u00a0\u00a0 Casa de la Cultura y Tienda C, (San Mart\u00edn 533) la tienda de objetos culturales y de dise\u00f1o mantendr\u00e1 abiertas sus puertas para ofrecer especialmente a los turistas, productos culturales y trabajos de dise\u00f1adores y artesanos. El visitante encontrar\u00e1 libros, m\u00fasica, indumentaria y accesorios de autor, artesan\u00edas innovadoras y mucho m\u00e1s.<\/p>\n<p>\u2022\u00a0\u00a0\u00a0\u00a0\u00a0\u00a0\u00a0\u00a0\u00a0\u00a0\u00a0\u00a0 Oficina de Informaci\u00f3n Tur\u00edstica, ubicada en la Casa de la Cultura, tendr\u00e1 atenci\u00f3n activa durante todo el fin de semana en el horario de 9 a 21 hs, para brindar el asesoramiento correspondiente para turistas.<\/p>\n","protected":false},"excerpt":{"rendered":"<p>Desde la Direcci\u00f3n Provincial de Patrimonio y Museos, que depende del Ministerio de Cultura, Turismo y Deporte de la Provincia,<\/p>\n","protected":false},"author":1,"featured_media":13140,"comment_status":"closed","ping_status":"closed","sticky":false,"template":"","format":"standard","meta":{"footnotes":"","jetpack_publicize_message":"","jetpack_publicize_feature_enabled":true,"jetpack_social_post_already_shared":true,"jetpack_social_options":{"image_generator_settings":{"template":"highway","enabled":false},"version":2}},"categories":[3],"tags":[],"class_list":["post-13139","post","type-post","status-publish","format-standard","has-post-thumbnail","hentry","category-sociedad"],"jetpack_publicize_connections":[],"_links":{"self":[{"href":"https:\/\/diariorepublica.com.ar\/web\/index.php\/wp-json\/wp\/v2\/posts\/13139"}],"collection":[{"href":"https:\/\/diariorepublica.com.ar\/web\/index.php\/wp-json\/wp\/v2\/posts"}],"about":[{"href":"https:\/\/diariorepublica.com.ar\/web\/index.php\/wp-json\/wp\/v2\/types\/post"}],"author":[{"embeddable":true,"href":"https:\/\/diariorepublica.com.ar\/web\/index.php\/wp-json\/wp\/v2\/users\/1"}],"replies":[{"embeddable":true,"href":"https:\/\/diariorepublica.com.ar\/web\/index.php\/wp-json\/wp\/v2\/comments?post=13139"}],"version-history":[{"count":1,"href":"https:\/\/diariorepublica.com.ar\/web\/index.php\/wp-json\/wp\/v2\/posts\/13139\/revisions"}],"predecessor-version":[{"id":13141,"href":"https:\/\/diariorepublica.com.ar\/web\/index.php\/wp-json\/wp\/v2\/posts\/13139\/revisions\/13141"}],"wp:featuredmedia":[{"embeddable":true,"href":"https:\/\/diariorepublica.com.ar\/web\/index.php\/wp-json\/wp\/v2\/media\/13140"}],"wp:attachment":[{"href":"https:\/\/diariorepublica.com.ar\/web\/index.php\/wp-json\/wp\/v2\/media?parent=13139"}],"wp:term":[{"taxonomy":"category","embeddable":true,"href":"https:\/\/diariorepublica.com.ar\/web\/index.php\/wp-json\/wp\/v2\/categories?post=13139"},{"taxonomy":"post_tag","embeddable":true,"href":"https:\/\/diariorepublica.com.ar\/web\/index.php\/wp-json\/wp\/v2\/tags?post=13139"}],"curies":[{"name":"wp","href":"https:\/\/api.w.org\/{rel}","templated":true}]}}