{"id":13174,"date":"2024-03-26T07:58:01","date_gmt":"2024-03-26T10:58:01","guid":{"rendered":"https:\/\/diariorepublica.com.ar\/web\/?p=13174"},"modified":"2024-03-26T07:58:04","modified_gmt":"2024-03-26T10:58:04","slug":"la-corte-otorgo-un-aumento-del-185-para-los-trabajadores","status":"publish","type":"post","link":"https:\/\/diariorepublica.com.ar\/web\/index.php\/sociedad\/2024\/03\/26\/la-corte-otorgo-un-aumento-del-185-para-los-trabajadores\/","title":{"rendered":"La Corte otorg\u00f3 un aumento del 18,5% para los trabajadores"},"content":{"rendered":"<p>Mediante acordada de la Corte de Justicia, se acord\u00f3 un incremento salarial del 18,5% para magistrados, funcionarios y empleados del Poder Judicial de Catamarca.<\/p>\n<p>El incremento qued\u00f3 establecido \u201ca partir de los haberes devengados en el mes de marzo del 2024 sobre todos los conceptos que integran el escalaf\u00f3n del Poder Judicial, esto es, asignaci\u00f3n de la categor\u00eda para magistrados, funcionarios y empleados y, aplicar igual \u00edndice sobre los adicionales por tarea judicial y por presentismo para las categor\u00edas de empleados en los casos que correspondan\u201d.<\/p>\n<p>La resoluci\u00f3n del m\u00e1ximo tribunal destac\u00f3 que este aumento se logra \u201ccon el fin de minimizar las consecuencias negativas del proceso inflacionario, en cuanto atenta contra preceptos fundamentales de inamovilidad e intangibilidad de las compensaciones salariales, establecidos en la Constituci\u00f3n de la Provincia de Catamarca\u201d.<\/p>\n","protected":false},"excerpt":{"rendered":"<p>Mediante acordada de la Corte de Justicia, se acord\u00f3 un incremento salarial del 18,5% para magistrados, funcionarios y empleados del<\/p>\n","protected":false},"author":2,"featured_media":13175,"comment_status":"closed","ping_status":"closed","sticky":false,"template":"","format":"standard","meta":{"footnotes":"","jetpack_publicize_message":"","jetpack_publicize_feature_enabled":true,"jetpack_social_post_already_shared":true,"jetpack_social_options":{"image_generator_settings":{"template":"highway","enabled":false},"version":2}},"categories":[3],"tags":[],"class_list":["post-13174","post","type-post","status-publish","format-standard","has-post-thumbnail","hentry","category-sociedad"],"jetpack_publicize_connections":[],"_links":{"self":[{"href":"https:\/\/diariorepublica.com.ar\/web\/index.php\/wp-json\/wp\/v2\/posts\/13174"}],"collection":[{"href":"https:\/\/diariorepublica.com.ar\/web\/index.php\/wp-json\/wp\/v2\/posts"}],"about":[{"href":"https:\/\/diariorepublica.com.ar\/web\/index.php\/wp-json\/wp\/v2\/types\/post"}],"author":[{"embeddable":true,"href":"https:\/\/diariorepublica.com.ar\/web\/index.php\/wp-json\/wp\/v2\/users\/2"}],"replies":[{"embeddable":true,"href":"https:\/\/diariorepublica.com.ar\/web\/index.php\/wp-json\/wp\/v2\/comments?post=13174"}],"version-history":[{"count":1,"href":"https:\/\/diariorepublica.com.ar\/web\/index.php\/wp-json\/wp\/v2\/posts\/13174\/revisions"}],"predecessor-version":[{"id":13176,"href":"https:\/\/diariorepublica.com.ar\/web\/index.php\/wp-json\/wp\/v2\/posts\/13174\/revisions\/13176"}],"wp:featuredmedia":[{"embeddable":true,"href":"https:\/\/diariorepublica.com.ar\/web\/index.php\/wp-json\/wp\/v2\/media\/13175"}],"wp:attachment":[{"href":"https:\/\/diariorepublica.com.ar\/web\/index.php\/wp-json\/wp\/v2\/media?parent=13174"}],"wp:term":[{"taxonomy":"category","embeddable":true,"href":"https:\/\/diariorepublica.com.ar\/web\/index.php\/wp-json\/wp\/v2\/categories?post=13174"},{"taxonomy":"post_tag","embeddable":true,"href":"https:\/\/diariorepublica.com.ar\/web\/index.php\/wp-json\/wp\/v2\/tags?post=13174"}],"curies":[{"name":"wp","href":"https:\/\/api.w.org\/{rel}","templated":true}]}}