{"id":1325,"date":"2023-04-12T09:03:24","date_gmt":"2023-04-12T12:03:24","guid":{"rendered":"https:\/\/diariorepublica.com.ar\/web\/?p=1325"},"modified":"2023-04-12T09:03:25","modified_gmt":"2023-04-12T12:03:25","slug":"la-capital-prepara-un-plan-de-contingencia-ante-el-brote-de-dengue","status":"publish","type":"post","link":"https:\/\/diariorepublica.com.ar\/web\/index.php\/sociedad\/2023\/04\/12\/la-capital-prepara-un-plan-de-contingencia-ante-el-brote-de-dengue\/","title":{"rendered":"La Capital prepara un plan de contingencia ante el brote de dengue"},"content":{"rendered":"\n\n\n<p>Mientras los casos de dengue aumentan en la provincia, la subsecretaria de Salud de la municipalidad de la Capital, Ana Fernanda Lagoria, se refri\u00f3 a una alerta ante el incremento de casos en la Capital, ya que sumado al departamento La Paz, la ciudad es la zona donde mayor cantidad de casos se registran. Adelant\u00f3 que preparan un plan de contingencia, teniendo en cuenta que el brote de dengue puede ser a\u00fan m\u00e1s virulento, no solo en la provincia, sino en el pa\u00eds.<\/p>\n\n\n\n<p>\u201cEstamos en alerta y con un plan de contingencia, porque eso hacemos, contenemos la situaci\u00f3n, eso pedimos a la gente, que est\u00e9 atenta, que use repelente, que si tiene dengue se quede en su casa y si tiene s\u00edntomas que concurran al m\u00e9dico a realizarse la serolog\u00eda, no estamos hablando de testeo porque no hay para dengue. Lo que se realiza es una extracci\u00f3n de sangre para determinar.<\/p>\n\n\n\n<p>Ahora, tuvimos una reuni\u00f3n con la di\u00f3cesis por la fiesta en honor a la Virgen del Valle y determinamos contar con puestos de control para que la gente est\u00e9 alerta, si tiene los s\u00edntomas que llegue a estos puntos para tomar medidas, como aislamiento hasta que regrese a su provincia, vendr\u00e1 mucha gente y tenemos que estar muy alertas todos\u201d, resalt\u00f3 Lagoria.<\/p>\n\n\n\n<p>La subsecretaria de Salud comunal, Ana Fernanda Lagoria, dijo que la zona m\u00e1s comprometida por presencia de dengue es la zona sur de la ciudad.<\/p>\n\n\n\n<p>\u00abEl sector m\u00e1s comprometido es el de G\u00fcemes hacia el sur y zona de La Tablada, est\u00e1n concentrados y se hace bloqueo espacial, se realiza en la zona por estos d\u00edas y tambi\u00e9n hubo casos en el sector posterior del cementerio, cuadras hacia atr\u00e1s, es una zona con muchos casos y donde estamos trabajando\u00bb, resalt\u00f3 la funcionaria.<\/p>\n","protected":false},"excerpt":{"rendered":"<p>Mientras los casos de dengue aumentan en la provincia, la subsecretaria de Salud de la municipalidad de la Capital, Ana<\/p>\n","protected":false},"author":2,"featured_media":1326,"comment_status":"closed","ping_status":"closed","sticky":false,"template":"","format":"standard","meta":{"footnotes":"","jetpack_publicize_message":"","jetpack_publicize_feature_enabled":true,"jetpack_social_post_already_shared":false,"jetpack_social_options":{"image_generator_settings":{"template":"highway","enabled":false},"version":2}},"categories":[3],"tags":[],"class_list":["post-1325","post","type-post","status-publish","format-standard","has-post-thumbnail","hentry","category-sociedad"],"jetpack_publicize_connections":[],"_links":{"self":[{"href":"https:\/\/diariorepublica.com.ar\/web\/index.php\/wp-json\/wp\/v2\/posts\/1325"}],"collection":[{"href":"https:\/\/diariorepublica.com.ar\/web\/index.php\/wp-json\/wp\/v2\/posts"}],"about":[{"href":"https:\/\/diariorepublica.com.ar\/web\/index.php\/wp-json\/wp\/v2\/types\/post"}],"author":[{"embeddable":true,"href":"https:\/\/diariorepublica.com.ar\/web\/index.php\/wp-json\/wp\/v2\/users\/2"}],"replies":[{"embeddable":true,"href":"https:\/\/diariorepublica.com.ar\/web\/index.php\/wp-json\/wp\/v2\/comments?post=1325"}],"version-history":[{"count":1,"href":"https:\/\/diariorepublica.com.ar\/web\/index.php\/wp-json\/wp\/v2\/posts\/1325\/revisions"}],"predecessor-version":[{"id":1327,"href":"https:\/\/diariorepublica.com.ar\/web\/index.php\/wp-json\/wp\/v2\/posts\/1325\/revisions\/1327"}],"wp:featuredmedia":[{"embeddable":true,"href":"https:\/\/diariorepublica.com.ar\/web\/index.php\/wp-json\/wp\/v2\/media\/1326"}],"wp:attachment":[{"href":"https:\/\/diariorepublica.com.ar\/web\/index.php\/wp-json\/wp\/v2\/media?parent=1325"}],"wp:term":[{"taxonomy":"category","embeddable":true,"href":"https:\/\/diariorepublica.com.ar\/web\/index.php\/wp-json\/wp\/v2\/categories?post=1325"},{"taxonomy":"post_tag","embeddable":true,"href":"https:\/\/diariorepublica.com.ar\/web\/index.php\/wp-json\/wp\/v2\/tags?post=1325"}],"curies":[{"name":"wp","href":"https:\/\/api.w.org\/{rel}","templated":true}]}}