{"id":13314,"date":"2024-04-04T07:57:10","date_gmt":"2024-04-04T10:57:10","guid":{"rendered":"https:\/\/diariorepublica.com.ar\/web\/?p=13314"},"modified":"2024-04-04T07:57:12","modified_gmt":"2024-04-04T10:57:12","slug":"nicolas-posse-dara-el-primer-informe-de-gestion-del-gobierno-ante-el-senado","status":"publish","type":"post","link":"https:\/\/diariorepublica.com.ar\/web\/index.php\/nacionales\/2024\/04\/04\/nicolas-posse-dara-el-primer-informe-de-gestion-del-gobierno-ante-el-senado\/","title":{"rendered":"Nicol\u00e1s Posse dar\u00e1 el primer informe de gesti\u00f3n del Gobierno ante el Senado"},"content":{"rendered":"<article class=\"article-body article-body--first-paragraph content-protected-false\" data-td-script-src=\"https:\/\/www.ambito.com\/td\/modulos\/encuestas\/js\/function-embeds-min-version-1712117212.js\">El\u00a0jefe de Gabinete,\u00a0<strong>Nicol\u00e1s Posse<\/strong>, confirm\u00f3, mediante una<strong>\u00a0nota a la\u00a0vicepresidenta Victoria Villarruel<\/strong>, que dar\u00e1 el\u00a0<strong>primer informe de gesti\u00f3n del Gobierno<\/strong>\u00a0ante el\u00a0<strong>Senado<\/strong>\u00a0a fines de abril, pasados los cuatro meses desde la asunci\u00f3n del presidente<strong>\u00a0Javier Milei.<\/strong><\/p>\n<\/article>\n<article class=\"article-body article-body--second-paragraph content-protected-false\">El reporte de gesti\u00f3n ante el Poder Legislativo es una de las\u00a0<strong>obligaciones con las que debe cumplir el jefe de Gabinete<\/strong>, seg\u00fan estipula el art\u00edculo\u00a0<strong>101 de la Constituci\u00f3n Nacional.<\/strong><\/p>\n<article class=\"article-body article-body--third-paragraph content-protected-false\">\u00abTengo el agrado de dirigirme a Ud. con el fin de poner en su conocimiento, y a trav\u00e9s suyo, a las se\u00f1oras senadoras y a los se\u00f1ores senadores, de mi disposici\u00f3n para concurrir al Honorable Senado de la Naci\u00f3n y brindar el Informe N\u00b0 139,\u00a0<strong>a fin de cumplimentar lo dispuesto en el art\u00edculo 101 de la Constituci\u00f3n Nacional e informar acerca de la marcha del gobierno<\/strong>\u00ab, es el texto de la nota que le envi\u00f3 el funcionario a la titular del Senado.<\/p>\n<\/article>\n<article class=\"article-body article-body--fourth-paragraph content-protected-false\">De la misma manera, el vocero presidencial,\u00a0<strong>Manuel Adorni<\/strong>, tambi\u00e9n inform\u00f3 de la\u00a0<strong>presentaci\u00f3n de Posse en sus redes sociales<\/strong>: \u00abDurante los \u00faltimos d\u00edas del\u00a0<strong>mes de abril el Jefe de Gabinete de Ministros Nicol\u00e1s Posse<\/strong>\u00a0concurrir\u00e1 al\u00a0<strong>Senado de la Naci\u00f3n\u00a0<\/strong>a brindar el informe sobre la marcha del gobierno seg\u00fan estipula la Constituci\u00f3n Nacional en su art\u00edculo 101&#8243;.<\/p>\n<p><iframe id=\"twitter-widget-0\" class=\"\" title=\"X Post\" src=\"https:\/\/platform.twitter.com\/embed\/Tweet.html?creatorScreenName=Ambitocom&amp;dnt=false&amp;embedId=twitter-widget-0&amp;features=eyJ0ZndfdGltZWxpbmVfbGlzdCI6eyJidWNrZXQiOltdLCJ2ZXJzaW9uIjpudWxsfSwidGZ3X2ZvbGxvd2VyX2NvdW50X3N1bnNldCI6eyJidWNrZXQiOnRydWUsInZlcnNpb24iOm51bGx9LCJ0ZndfdHdlZXRfZWRpdF9iYWNrZW5kIjp7ImJ1Y2tldCI6Im9uIiwidmVyc2lvbiI6bnVsbH0sInRmd19yZWZzcmNfc2Vzc2lvbiI6eyJidWNrZXQiOiJvbiIsInZlcnNpb24iOm51bGx9LCJ0ZndfZm9zbnJfc29mdF9pbnRlcnZlbnRpb25zX2VuYWJsZWQiOnsiYnVja2V0Ijoib24iLCJ2ZXJzaW9uIjpudWxsfSwidGZ3X21peGVkX21lZGlhXzE1ODk3Ijp7ImJ1Y2tldCI6InRyZWF0bWVudCIsInZlcnNpb24iOm51bGx9LCJ0ZndfZXhwZXJpbWVudHNfY29va2llX2V4cGlyYXRpb24iOnsiYnVja2V0IjoxMjA5NjAwLCJ2ZXJzaW9uIjpudWxsfSwidGZ3X3Nob3dfYmlyZHdhdGNoX3Bpdm90c19lbmFibGVkIjp7ImJ1Y2tldCI6Im9uIiwidmVyc2lvbiI6bnVsbH0sInRmd19kdXBsaWNhdGVfc2NyaWJlc190b19zZXR0aW5ncyI6eyJidWNrZXQiOiJvbiIsInZlcnNpb24iOm51bGx9LCJ0ZndfdXNlX3Byb2ZpbGVfaW1hZ2Vfc2hhcGVfZW5hYmxlZCI6eyJidWNrZXQiOiJvbiIsInZlcnNpb24iOm51bGx9LCJ0ZndfdmlkZW9faGxzX2R5bmFtaWNfbWFuaWZlc3RzXzE1MDgyIjp7ImJ1Y2tldCI6InRydWVfYml0cmF0ZSIsInZlcnNpb24iOm51bGx9LCJ0ZndfbGVnYWN5X3RpbWVsaW5lX3N1bnNldCI6eyJidWNrZXQiOnRydWUsInZlcnNpb24iOm51bGx9LCJ0ZndfdHdlZXRfZWRpdF9mcm9udGVuZCI6eyJidWNrZXQiOiJvbiIsInZlcnNpb24iOm51bGx9fQ%3D%3D&amp;frame=false&amp;hideCard=false&amp;hideThread=false&amp;id=1775653155956527469&amp;lang=es&amp;origin=https%3A%2F%2Fwww.ambito.com%2Fpolitica%2Fnicolas-posse-dara-el-primer-informe-gestion-del-gobierno-el-senado-n5975640&amp;sessionId=c6718ea855e132e328ea1981a089e917cb150738&amp;siteScreenName=Ambitocom&amp;theme=light&amp;widgetsVersion=2615f7e52b7e0%3A1702314776716&amp;width=550px\" frameborder=\"0\" scrolling=\"no\" allowfullscreen=\"allowfullscreen\" data-tweet-id=\"1775653155956527469\"><\/iframe><\/p>\n<\/article>\n<\/article>\n","protected":false},"excerpt":{"rendered":"<p>El\u00a0jefe de Gabinete,\u00a0Nicol\u00e1s Posse, confirm\u00f3, mediante una\u00a0nota a la\u00a0vicepresidenta Victoria Villarruel, que dar\u00e1 el\u00a0primer informe de gesti\u00f3n del Gobierno\u00a0ante el\u00a0Senado\u00a0a<\/p>\n","protected":false},"author":1,"featured_media":13315,"comment_status":"closed","ping_status":"closed","sticky":false,"template":"","format":"standard","meta":{"footnotes":"","jetpack_publicize_message":"","jetpack_publicize_feature_enabled":true,"jetpack_social_post_already_shared":true,"jetpack_social_options":{"image_generator_settings":{"template":"highway","enabled":false},"version":2}},"categories":[4],"tags":[],"class_list":["post-13314","post","type-post","status-publish","format-standard","has-post-thumbnail","hentry","category-nacionales"],"jetpack_publicize_connections":[],"_links":{"self":[{"href":"https:\/\/diariorepublica.com.ar\/web\/index.php\/wp-json\/wp\/v2\/posts\/13314"}],"collection":[{"href":"https:\/\/diariorepublica.com.ar\/web\/index.php\/wp-json\/wp\/v2\/posts"}],"about":[{"href":"https:\/\/diariorepublica.com.ar\/web\/index.php\/wp-json\/wp\/v2\/types\/post"}],"author":[{"embeddable":true,"href":"https:\/\/diariorepublica.com.ar\/web\/index.php\/wp-json\/wp\/v2\/users\/1"}],"replies":[{"embeddable":true,"href":"https:\/\/diariorepublica.com.ar\/web\/index.php\/wp-json\/wp\/v2\/comments?post=13314"}],"version-history":[{"count":1,"href":"https:\/\/diariorepublica.com.ar\/web\/index.php\/wp-json\/wp\/v2\/posts\/13314\/revisions"}],"predecessor-version":[{"id":13316,"href":"https:\/\/diariorepublica.com.ar\/web\/index.php\/wp-json\/wp\/v2\/posts\/13314\/revisions\/13316"}],"wp:featuredmedia":[{"embeddable":true,"href":"https:\/\/diariorepublica.com.ar\/web\/index.php\/wp-json\/wp\/v2\/media\/13315"}],"wp:attachment":[{"href":"https:\/\/diariorepublica.com.ar\/web\/index.php\/wp-json\/wp\/v2\/media?parent=13314"}],"wp:term":[{"taxonomy":"category","embeddable":true,"href":"https:\/\/diariorepublica.com.ar\/web\/index.php\/wp-json\/wp\/v2\/categories?post=13314"},{"taxonomy":"post_tag","embeddable":true,"href":"https:\/\/diariorepublica.com.ar\/web\/index.php\/wp-json\/wp\/v2\/tags?post=13314"}],"curies":[{"name":"wp","href":"https:\/\/api.w.org\/{rel}","templated":true}]}}