{"id":13390,"date":"2024-04-08T08:48:56","date_gmt":"2024-04-08T11:48:56","guid":{"rendered":"https:\/\/diariorepublica.com.ar\/web\/?p=13390"},"modified":"2024-04-08T08:48:58","modified_gmt":"2024-04-08T11:48:58","slug":"aclaracion-sobre-reclamo-opositor","status":"publish","type":"post","link":"https:\/\/diariorepublica.com.ar\/web\/index.php\/politica\/2024\/04\/08\/aclaracion-sobre-reclamo-opositor\/","title":{"rendered":"Aclaracion sobre reclamo opositor"},"content":{"rendered":"<p>La diputada provincial y presidenta de la Comisi\u00f3n de Hacienda, Mar\u00eda Argerich (Frente de Todos), cuestion\u00f3 el planteo del bloque de diputados de la UCR que pide dar de baja la resoluci\u00f3n de ARCA con la que increment\u00f3 los valores a los inmuebles (valuaci\u00f3n fiscal) y provoc\u00f3 un aumento en el Impuesto Inmobiliario cercano al 300%.<\/p>\n<p>La legisladora oficialista justific\u00f3 la medida provincial en base al recorte de los fondos nacionales. Adem\u00e1s, neg\u00f3 que el incremento haya afectado a la totalidad de los contribuyentes.<\/p>\n<p>Argerich neg\u00f3 que ARCA haya tomado una medida contraria a lo que resolvi\u00f3 la Legislatura al momento de aprobar la Ley Impositiva 2024. \u00abLo que se aprob\u00f3 en la Legislatura es una al\u00edcuota del 60% que ven\u00eda en congruencia de lo que estaba estipulado en el presupuesto provincial y el tope no pod\u00eda superar el 150% para viviendas \u00fanicas. Lo que hizo ARCA es el reval\u00fao de las propiedades porque tienen la facultad para hacerlo y no tiene que pasar por la Legislatura\u00bb, aclar\u00f3.<\/p>\n<p>\u00abPodemos estar de acuerdo o no de este reval\u00fao pero lo que se hizo es pensar que aquellas personas que tienen una vivienda \u00fanica y a ellos el incremento no supera el 150%\u00bb, dijo y a\u00f1adi\u00f3: \u00abAquellos que superaron ese porcentaje, es porque tienen dos o m\u00e1s propiedades o tienen un terreno e hicieron una construcci\u00f3n y en el reval\u00fao se les reconoci\u00f3 esa mejora\u00bb.<\/p>\n<p>M\u00e1s adelante, justific\u00f3 la medida al sostener que \u00abel Gobierno est\u00e1 haciendo un esfuerzo grande para cubrir lo que dej\u00f3 de recibir de Naci\u00f3n como es el FONID y el Fondo del Transporte\u00bb.<\/p>\n<p>\u00abRecaudar a trav\u00e9s de ARCA impuestos provinciales es importante para la provincia tambi\u00e9n y ha tenido en cuenta par\u00e1metros que beneficia a los contribuyentes que tienen una vivienda \u00fanica\u00bb<\/p>\n","protected":false},"excerpt":{"rendered":"<p>La diputada provincial y presidenta de la Comisi\u00f3n de Hacienda, Mar\u00eda Argerich (Frente de Todos), cuestion\u00f3 el planteo del bloque<\/p>\n","protected":false},"author":2,"featured_media":13391,"comment_status":"closed","ping_status":"closed","sticky":false,"template":"","format":"standard","meta":{"footnotes":"","jetpack_publicize_message":"","jetpack_publicize_feature_enabled":true,"jetpack_social_post_already_shared":true,"jetpack_social_options":{"image_generator_settings":{"template":"highway","enabled":false},"version":2}},"categories":[12],"tags":[],"class_list":["post-13390","post","type-post","status-publish","format-standard","has-post-thumbnail","hentry","category-politica"],"jetpack_publicize_connections":[],"_links":{"self":[{"href":"https:\/\/diariorepublica.com.ar\/web\/index.php\/wp-json\/wp\/v2\/posts\/13390"}],"collection":[{"href":"https:\/\/diariorepublica.com.ar\/web\/index.php\/wp-json\/wp\/v2\/posts"}],"about":[{"href":"https:\/\/diariorepublica.com.ar\/web\/index.php\/wp-json\/wp\/v2\/types\/post"}],"author":[{"embeddable":true,"href":"https:\/\/diariorepublica.com.ar\/web\/index.php\/wp-json\/wp\/v2\/users\/2"}],"replies":[{"embeddable":true,"href":"https:\/\/diariorepublica.com.ar\/web\/index.php\/wp-json\/wp\/v2\/comments?post=13390"}],"version-history":[{"count":1,"href":"https:\/\/diariorepublica.com.ar\/web\/index.php\/wp-json\/wp\/v2\/posts\/13390\/revisions"}],"predecessor-version":[{"id":13392,"href":"https:\/\/diariorepublica.com.ar\/web\/index.php\/wp-json\/wp\/v2\/posts\/13390\/revisions\/13392"}],"wp:featuredmedia":[{"embeddable":true,"href":"https:\/\/diariorepublica.com.ar\/web\/index.php\/wp-json\/wp\/v2\/media\/13391"}],"wp:attachment":[{"href":"https:\/\/diariorepublica.com.ar\/web\/index.php\/wp-json\/wp\/v2\/media?parent=13390"}],"wp:term":[{"taxonomy":"category","embeddable":true,"href":"https:\/\/diariorepublica.com.ar\/web\/index.php\/wp-json\/wp\/v2\/categories?post=13390"},{"taxonomy":"post_tag","embeddable":true,"href":"https:\/\/diariorepublica.com.ar\/web\/index.php\/wp-json\/wp\/v2\/tags?post=13390"}],"curies":[{"name":"wp","href":"https:\/\/api.w.org\/{rel}","templated":true}]}}