{"id":13445,"date":"2024-04-10T07:36:47","date_gmt":"2024-04-10T10:36:47","guid":{"rendered":"https:\/\/diariorepublica.com.ar\/web\/?p=13445"},"modified":"2024-04-10T07:36:50","modified_gmt":"2024-04-10T10:36:50","slug":"investigan-si-las-prepagas-cometieron-delito-para-formar-precios-y-multiplicar-sus-cuotas","status":"publish","type":"post","link":"https:\/\/diariorepublica.com.ar\/web\/index.php\/nacionales\/2024\/04\/10\/investigan-si-las-prepagas-cometieron-delito-para-formar-precios-y-multiplicar-sus-cuotas\/","title":{"rendered":"Investigan si las prepagas cometieron delito para formar precios y multiplicar sus cuotas"},"content":{"rendered":"<p>La Comisi\u00f3n de Defensa de la Competencia (CNDC) investiga si existi\u00f3 un pacto il\u00edcito entre las empresas de medicina prepaga para fijar precios de venta.<\/p>\n<p>Una fuente de la Secretar\u00eda de Comercio confirm\u00f3 que \u201chay una investigaci\u00f3n en curso\u201d, justo un d\u00eda despu\u00e9s de un posteo del titular de Hacienda, Luis Caputo, quien hab\u00eda se\u00f1alado que \u201clas prepagas le est\u00e1n declarando la guerra a la clase media\u201d.<\/p>\n<p>All\u00ed tambi\u00e9n asegur\u00f3 que el Gobierno har\u00eda lo necesario \u201cpara defenderla\u201d.<\/p>\n<p>Las entidades de medicina prepaga enroladas en las c\u00e1maras y asociaciones Cimara, Ademp y Cempra le pedir\u00e1n a una audiencia a Caputo a fin de \u00abacercarle toda la informaci\u00f3n con la que se cuenta y que explica -entre otras situaciones- el desfinanciamiento al que fue sometido el sector durante a\u00f1os\u201d.<\/p>\n<p>En la pr\u00e1ctica, el Gobierno se suma ahora a una iniciativa que presentaron dirigentes de la oposici\u00f3n a principios de a\u00f1o.<\/p>\n<p>El 15 de enero pasado, un grupo de legisladores de la Coalici\u00f3n C\u00edvica liderado por Maximiliano Ferraro y Hern\u00e1n Reyes, presentaron la denuncia por \u201cconducta anticompetitiva\u201d que sostiene a la investigaci\u00f3n. Casi tres meses despu\u00e9s, tom\u00f3 un nuevo impulso.<\/p>\n<p>La fuente del sector que tiene a Claudio Belocopitt (titular de Swiss Medical y presidente de la Uni\u00f3n Argentina de Salud) entre sus l\u00edderes confirm\u00f3 que por el momento no han sido notificados de una instancia nueva.<\/p>\n<p>\u201cEn su momento se respondieron las notificaciones, pero no vamos a dar detalles de lo que presentamos\u201d, explicaron.<\/p>\n<p>La Comisi\u00f3n de Defensa de la Competencia es un organismo dentro de la Secretar\u00eda de Comercio que funciona de manera \u201cdesconcentrada\u201d.<\/p>\n<p>Su funci\u00f3n es garantizar \u201cla calidad de bienes y servicios, al menor precio posible\u201d. De hecho, es la dependencia que lleva adelante la investigaci\u00f3n originada por la denuncia que acusa de supuesta \u201cconducta anticompetitiva\u201d a \u201clas principales sociedades\u201d que brindan el servicio de medicina prepaga.<\/p>\n<p>\u201cEn enero vimos que las empresas hab\u00edan tenido algunas reuniones y cuando se confirmaron los aumentos los denunciamos por cartelizaci\u00f3n y pedimos que se haga un an\u00e1lisis\u201d, dijo el diputado Reyes.<\/p>\n<p>Se\u00f1ala que presuntamente habr\u00edan existido \u201creuniones para la coordinaci\u00f3n de la fijaci\u00f3n de un aumento a los usuarios, que se habr\u00eda acordado un incremento estimado en torno al 40%\u201d.<\/p>\n<p>Este es uno de los expedientes m\u00e1s sensibles en poder de la comisi\u00f3n. Se encuentra bajo secreto de sumario y se espera una \u201cresoluci\u00f3n firme\u201d del organismo, seg\u00fan fuentes oficiales.<\/p>\n<p>Se trata de la primera investigaci\u00f3n formal contra la salud prepaga por presunta colusi\u00f3n que surge en los despachos p\u00fablicos.<\/p>\n<p>Hasta ahora, los reveses contra las empresas hab\u00eda surgido de la Justicia, cuando distintos jueces aceptaron medidas cautelares de los afiliados para retrotraer los precios a la situaci\u00f3n anterior a los aumentos.<\/p>\n<p>A fines de febrero pasado, el Juzgado Federal en lo Civil y Comercial y Contencioso Administrativo de San Mart\u00edn N\u00b0 2 dispuso ampliar, en principio para un centenar de personas, el alcance de una medida cautelar dictada a mediados de enero, a trav\u00e9s de la cual se le orden\u00f3 a una entidad de medicina prepaga dejar sin efecto los aumentos de cuotas aplicados o anunciados bajo el amparo de lo establecido por el DNU 70.<\/p>\n<p>Lo resuelto es v\u00e1lido \u201chasta tanto se dicte sentencia definitiva\u201d sobre el tema.<\/p>\n<p>El vocero presidencial, Manuel Adorni, se\u00f1al\u00f3 que existe \u201cuna cartelizaci\u00f3n que est\u00e1 fuera de toda razonabilidad\u201d.<\/p>\n<p>Y advirti\u00f3: \u201cNosotros desregulamos, damos libertades, pero no permitimos que exista un grado de cartelizaci\u00f3n que afecte a los argentinos\u201d.<\/p>\n","protected":false},"excerpt":{"rendered":"<p>La Comisi\u00f3n de Defensa de la Competencia (CNDC) investiga si existi\u00f3 un pacto il\u00edcito entre las empresas de medicina prepaga<\/p>\n","protected":false},"author":1,"featured_media":13446,"comment_status":"closed","ping_status":"closed","sticky":false,"template":"","format":"standard","meta":{"footnotes":"","jetpack_publicize_message":"","jetpack_publicize_feature_enabled":true,"jetpack_social_post_already_shared":true,"jetpack_social_options":{"image_generator_settings":{"template":"highway","enabled":false},"version":2}},"categories":[4],"tags":[],"class_list":["post-13445","post","type-post","status-publish","format-standard","has-post-thumbnail","hentry","category-nacionales"],"jetpack_publicize_connections":[],"_links":{"self":[{"href":"https:\/\/diariorepublica.com.ar\/web\/index.php\/wp-json\/wp\/v2\/posts\/13445"}],"collection":[{"href":"https:\/\/diariorepublica.com.ar\/web\/index.php\/wp-json\/wp\/v2\/posts"}],"about":[{"href":"https:\/\/diariorepublica.com.ar\/web\/index.php\/wp-json\/wp\/v2\/types\/post"}],"author":[{"embeddable":true,"href":"https:\/\/diariorepublica.com.ar\/web\/index.php\/wp-json\/wp\/v2\/users\/1"}],"replies":[{"embeddable":true,"href":"https:\/\/diariorepublica.com.ar\/web\/index.php\/wp-json\/wp\/v2\/comments?post=13445"}],"version-history":[{"count":1,"href":"https:\/\/diariorepublica.com.ar\/web\/index.php\/wp-json\/wp\/v2\/posts\/13445\/revisions"}],"predecessor-version":[{"id":13447,"href":"https:\/\/diariorepublica.com.ar\/web\/index.php\/wp-json\/wp\/v2\/posts\/13445\/revisions\/13447"}],"wp:featuredmedia":[{"embeddable":true,"href":"https:\/\/diariorepublica.com.ar\/web\/index.php\/wp-json\/wp\/v2\/media\/13446"}],"wp:attachment":[{"href":"https:\/\/diariorepublica.com.ar\/web\/index.php\/wp-json\/wp\/v2\/media?parent=13445"}],"wp:term":[{"taxonomy":"category","embeddable":true,"href":"https:\/\/diariorepublica.com.ar\/web\/index.php\/wp-json\/wp\/v2\/categories?post=13445"},{"taxonomy":"post_tag","embeddable":true,"href":"https:\/\/diariorepublica.com.ar\/web\/index.php\/wp-json\/wp\/v2\/tags?post=13445"}],"curies":[{"name":"wp","href":"https:\/\/api.w.org\/{rel}","templated":true}]}}