{"id":13451,"date":"2024-04-10T00:00:00","date_gmt":"2024-04-10T03:00:00","guid":{"rendered":"https:\/\/diariorepublica.com.ar\/web\/?p=13451"},"modified":"2024-04-10T07:39:08","modified_gmt":"2024-04-10T10:39:08","slug":"vicegobernacion-ofrecio-un-nuevo-homenaje-musical-a-la-virgen-del-valle","status":"publish","type":"post","link":"https:\/\/diariorepublica.com.ar\/web\/index.php\/locales\/2024\/04\/10\/vicegobernacion-ofrecio-un-nuevo-homenaje-musical-a-la-virgen-del-valle\/","title":{"rendered":"Vicegobernaci\u00f3n ofreci\u00f3 un nuevo homenaje musical a la Virgen del Valle"},"content":{"rendered":"<p>La Vicegobernaci\u00f3n a cargo de Ruben Dusso realiz\u00f3 una nueva serenata en homenaje a la Virgen del Valle, que cont\u00f3 con la participaci\u00f3n de los artistas catamarque\u00f1os Dar\u00edo Mercado, Debi Gianoglio, en voces, y Aldo Luna, en zampo\u00f1a y charango, junto a Natalia Luna, en bombo Leg\u00fcero y chajchas.<\/p>\n<p>En el registro audiovisual, filmado en la Catedral Bas\u00edlica, los artistas convocados interpretaron la obra \u201cHay una virgencita\u201d del autor catamarque\u00f1o Ra\u00fal Medina.<\/p>\n<p>Quienes deseen revivir este momento musical de homenaje en el marco del 133\u00b0 Aniversario de la Coronaci\u00f3n Pontificia de la Madre Morena del Valle, pueden visitar la p\u00e1gina oficial de Facebook del vicegobernador de Catamarca, Rub\u00e9n Dusso.<\/p>\n<p>La producci\u00f3n de la pieza estuvo a cargo de la subsecretar\u00eda de Coordinaci\u00f3n y T\u00e9cnica del Senado, a cargo de Julio Macedo, a trav\u00e9s de sus direcciones de Estudio de Vicegobernaci\u00f3n y Direcci\u00f3n de Comunicaciones.<\/p>\n<p>La ficha t\u00e9cnica se compone as\u00ed, de la siguiente manera:<\/p>\n<p>Producci\u00f3n general: Marcos C\u00f3rdoba<br \/>\nProducci\u00f3n musical: Juan Ignacio Molina<br \/>\nGrabaci\u00f3n, Mezcla y Master: Rodrigo Ferreyra<br \/>\nC\u00e1maras: David Moya y Diego Dom\u00ednguez<br \/>\nEdici\u00f3n: David Moya<br \/>\nAsistencia t\u00e9cnica: Ariel Maldonado y Edgardo Barros<\/p>\n<p>Link:\u00a0<a href=\"https:\/\/fb.watch\/rl3hZr-MHh\/\" target=\"_blank\" rel=\"noopener\" data-saferedirecturl=\"https:\/\/www.google.com\/url?q=https:\/\/fb.watch\/rl3hZr-MHh\/&amp;source=gmail&amp;ust=1712830073971000&amp;usg=AOvVaw141MmntdVTGrKVkeckTrCB\">https:\/\/fb.watch\/rl3hZr-MHh\/<\/a><\/p>\n","protected":false},"excerpt":{"rendered":"<p>La Vicegobernaci\u00f3n a cargo de Ruben Dusso realiz\u00f3 una nueva serenata en homenaje a la Virgen del Valle, que cont\u00f3<\/p>\n","protected":false},"author":1,"featured_media":13452,"comment_status":"closed","ping_status":"closed","sticky":false,"template":"","format":"standard","meta":{"footnotes":"","jetpack_publicize_message":"","jetpack_publicize_feature_enabled":true,"jetpack_social_post_already_shared":true,"jetpack_social_options":{"image_generator_settings":{"template":"highway","enabled":false},"version":2}},"categories":[2],"tags":[],"class_list":["post-13451","post","type-post","status-publish","format-standard","has-post-thumbnail","hentry","category-locales"],"jetpack_publicize_connections":[],"_links":{"self":[{"href":"https:\/\/diariorepublica.com.ar\/web\/index.php\/wp-json\/wp\/v2\/posts\/13451"}],"collection":[{"href":"https:\/\/diariorepublica.com.ar\/web\/index.php\/wp-json\/wp\/v2\/posts"}],"about":[{"href":"https:\/\/diariorepublica.com.ar\/web\/index.php\/wp-json\/wp\/v2\/types\/post"}],"author":[{"embeddable":true,"href":"https:\/\/diariorepublica.com.ar\/web\/index.php\/wp-json\/wp\/v2\/users\/1"}],"replies":[{"embeddable":true,"href":"https:\/\/diariorepublica.com.ar\/web\/index.php\/wp-json\/wp\/v2\/comments?post=13451"}],"version-history":[{"count":1,"href":"https:\/\/diariorepublica.com.ar\/web\/index.php\/wp-json\/wp\/v2\/posts\/13451\/revisions"}],"predecessor-version":[{"id":13453,"href":"https:\/\/diariorepublica.com.ar\/web\/index.php\/wp-json\/wp\/v2\/posts\/13451\/revisions\/13453"}],"wp:featuredmedia":[{"embeddable":true,"href":"https:\/\/diariorepublica.com.ar\/web\/index.php\/wp-json\/wp\/v2\/media\/13452"}],"wp:attachment":[{"href":"https:\/\/diariorepublica.com.ar\/web\/index.php\/wp-json\/wp\/v2\/media?parent=13451"}],"wp:term":[{"taxonomy":"category","embeddable":true,"href":"https:\/\/diariorepublica.com.ar\/web\/index.php\/wp-json\/wp\/v2\/categories?post=13451"},{"taxonomy":"post_tag","embeddable":true,"href":"https:\/\/diariorepublica.com.ar\/web\/index.php\/wp-json\/wp\/v2\/tags?post=13451"}],"curies":[{"name":"wp","href":"https:\/\/api.w.org\/{rel}","templated":true}]}}