{"id":13454,"date":"2024-04-10T06:39:00","date_gmt":"2024-04-10T09:39:00","guid":{"rendered":"https:\/\/diariorepublica.com.ar\/web\/?p=13454"},"modified":"2024-04-10T07:40:12","modified_gmt":"2024-04-10T10:40:12","slug":"boca-vencio-a-sportivo-trinidense-por-la-copa-sudamericana","status":"publish","type":"post","link":"https:\/\/diariorepublica.com.ar\/web\/index.php\/deportes\/2024\/04\/10\/boca-vencio-a-sportivo-trinidense-por-la-copa-sudamericana\/","title":{"rendered":"Boca venci\u00f3 a Sportivo Trinidense por la Copa Sudamericana"},"content":{"rendered":"<article id=\"article-post\" class=\"first\">\n<div class=\"cuerpo\" data-twitter-link=\"https:\/\/twitter.com\/intent\/tweet?url=https:\/\/www.diariopopular.com.ar\/c781359&amp;via=poopulardiario&amp;related=Popular&amp;text=\">\n<p>En un partido complicado<strong>, Boca venci\u00f3 por 1 a 0 a Sportivo Trinidense<\/strong>\u00a0como local por la segunda fecha de la\u00a0<strong>Copa<\/strong>\u00a0<strong>Sudamericana\u00a0<\/strong>y qued\u00f3 como \u00fanico l\u00edder del Grupo D hasta que jueguen Fortaleza y Nacional Potos\u00ed.<\/p>\n<\/div>\n<\/article>\n<article id=\"article-post\">\n<div class=\"cuerpo\" data-twitter-link=\"https:\/\/twitter.com\/intent\/tweet?url=https:\/\/www.diariopopular.com.ar\/c781359&amp;via=poopulardiario&amp;related=Popular&amp;text=\">\n<p>Con el gol del juvenil<strong>\u00a0Aaron Anselmino<\/strong>, su primer tanto con la camiseta de Boca de manera oficial, el xeneize alcanz\u00f3 los cuatro puntos y se puso como l\u00edder del grupo a una unidad de Fortaleza, que tiene tres y a tres de Nacional Potos\u00ed, con apenas uno. Trinidense qued\u00f3 \u00faltimo sin sumar.<\/p>\n<div id=\"embed12_wrap\" class=\"embed_cont type_freetext\" contenteditable=\"false\">\n<div id=\"embed12_content\" class=\"embed_content\">\n<div id=\"embed12_embed\">\n<div class=\"video_container\"><iframe loading=\"lazy\" class=\"video_iframe\" src=\"https:\/\/www.youtube.com\/embed\/JGkPRMiqEiU\" width=\"100%\" height=\"360\" frameborder=\"0\" scrolling=\"no\" data-gtm-yt-inspected-11=\"true\" data-mce-fragment=\"1\"><\/iframe><\/div>\n<\/div>\n<\/div>\n<div id=\"embed12_epigrafe\" class=\"embed_epigrafe\"><\/div>\n<div id=\"embed12_copyright\" class=\"embed_copyright\"><\/div>\n<\/div>\n<p>El equipo dirigido por Diego Mart\u00ednez fue el claro dominador del partido, con m\u00e1s presencia en campo rival y con aproximaciones al \u00e1rea de Trinidense pero sin poder generar peligro para el arco visitante.<\/p>\n<p>A los 26 minutos del complemento, Boca atac\u00f3 mucho m\u00e1s y con m\u00e1s presencia hasta que Lautaro Blanco meti\u00f3 una pelota larga al \u00e1rea que conect\u00f3 en lo m\u00e1s alto Anselmino con la cabeza para el 1 a 0 del xeneize.<\/p>\n<p>El j<strong>ueves 25 de abril, Boca visitar\u00e1 a Fortaleza en la tercera y \u00faltima fecha de la primera ronda de la fase de grupos de la copa.<\/strong><\/p>\n<\/div>\n<\/article>\n","protected":false},"excerpt":{"rendered":"<p>En un partido complicado, Boca venci\u00f3 por 1 a 0 a Sportivo Trinidense\u00a0como local por la segunda fecha de la\u00a0Copa\u00a0Sudamericana\u00a0y<\/p>\n","protected":false},"author":1,"featured_media":13455,"comment_status":"closed","ping_status":"closed","sticky":false,"template":"","format":"standard","meta":{"footnotes":"","jetpack_publicize_message":"","jetpack_publicize_feature_enabled":true,"jetpack_social_post_already_shared":true,"jetpack_social_options":{"image_generator_settings":{"template":"highway","enabled":false},"version":2}},"categories":[9],"tags":[],"class_list":["post-13454","post","type-post","status-publish","format-standard","has-post-thumbnail","hentry","category-deportes"],"jetpack_publicize_connections":[],"_links":{"self":[{"href":"https:\/\/diariorepublica.com.ar\/web\/index.php\/wp-json\/wp\/v2\/posts\/13454"}],"collection":[{"href":"https:\/\/diariorepublica.com.ar\/web\/index.php\/wp-json\/wp\/v2\/posts"}],"about":[{"href":"https:\/\/diariorepublica.com.ar\/web\/index.php\/wp-json\/wp\/v2\/types\/post"}],"author":[{"embeddable":true,"href":"https:\/\/diariorepublica.com.ar\/web\/index.php\/wp-json\/wp\/v2\/users\/1"}],"replies":[{"embeddable":true,"href":"https:\/\/diariorepublica.com.ar\/web\/index.php\/wp-json\/wp\/v2\/comments?post=13454"}],"version-history":[{"count":1,"href":"https:\/\/diariorepublica.com.ar\/web\/index.php\/wp-json\/wp\/v2\/posts\/13454\/revisions"}],"predecessor-version":[{"id":13456,"href":"https:\/\/diariorepublica.com.ar\/web\/index.php\/wp-json\/wp\/v2\/posts\/13454\/revisions\/13456"}],"wp:featuredmedia":[{"embeddable":true,"href":"https:\/\/diariorepublica.com.ar\/web\/index.php\/wp-json\/wp\/v2\/media\/13455"}],"wp:attachment":[{"href":"https:\/\/diariorepublica.com.ar\/web\/index.php\/wp-json\/wp\/v2\/media?parent=13454"}],"wp:term":[{"taxonomy":"category","embeddable":true,"href":"https:\/\/diariorepublica.com.ar\/web\/index.php\/wp-json\/wp\/v2\/categories?post=13454"},{"taxonomy":"post_tag","embeddable":true,"href":"https:\/\/diariorepublica.com.ar\/web\/index.php\/wp-json\/wp\/v2\/tags?post=13454"}],"curies":[{"name":"wp","href":"https:\/\/api.w.org\/{rel}","templated":true}]}}