{"id":13472,"date":"2024-04-10T09:07:39","date_gmt":"2024-04-10T12:07:39","guid":{"rendered":"https:\/\/diariorepublica.com.ar\/web\/?p=13472"},"modified":"2024-04-10T09:07:41","modified_gmt":"2024-04-10T12:07:41","slug":"desregulan-los-precios-de-las-tarifas-de-celulares-internet-y-el-cable","status":"publish","type":"post","link":"https:\/\/diariorepublica.com.ar\/web\/index.php\/economia\/2024\/04\/10\/desregulan-los-precios-de-las-tarifas-de-celulares-internet-y-el-cable\/","title":{"rendered":"Desregulan los precios de las tarifas de celulares, internet y el cable"},"content":{"rendered":"<article class=\"article-body article-body--first-paragraph content-protected-false\" data-td-script-src=\"https:\/\/www.ambito.com\/td\/modulos\/encuestas\/js\/function-embeds-min-version-1712722007.js\">El Gobierno\u00a0<strong>derog\u00f3 una norma de la gesti\u00f3n anterior que regulaba los precios de las tarifas de internet, l\u00edneas de telefon\u00eda celular, y servicio de TV por cable<\/strong>, por lo que ahora las\u00a0<strong>empresas los establecer\u00e1n libremente<\/strong>. As\u00ed lo determin\u00f3 un decreto publicado en el Bolet\u00edn Oficial.<\/p>\n<\/article>\n<article class=\"article-body article-body--second-paragraph content-protected-false\">\u201cResulta de suma urgencia liberar el mercado y obtener el libre desarrollo de tales servicios\u201d, sostiene la norma. Ahora se espera la decisi\u00f3n de los prestadores para saber qu\u00e9 aumentos aplicar\u00e1n en adelante.<\/p>\n<article class=\"article-body article-body--third-paragraph content-protected-false\"><strong>\u00abLos licenciatarios de Servicios de TIC fijar\u00e1n sus precios, los que deber\u00e1n ser justos y razonables, cubrir los costos de la explotaci\u00f3n y tender a la prestaci\u00f3n eficiente y a un margen razonable de operaci\u00f3n\u201d<\/strong>, informa el decreto 302\/2024.<\/p>\n<\/article>\n<article class=\"article-body article-body--fourth-paragraph content-protected-false\">Esa parte seguir\u00e1 vigente con respecto a la normativa que reg\u00eda hasta ahora, pero se elimin\u00f3 un segundo p\u00e1rrafo que indicaba que \u201clas tarifas de los servicios p\u00fablicos esenciales y estrat\u00e9gicos de Tecnolog\u00edas de la Informaci\u00f3n y las Comunicaciones (TIC) en competencia, las de los prestados en funci\u00f3n del Servicio Universal y de aquellos que determine la Autoridad de Aplicaci\u00f3n por razones de inter\u00e9s p\u00fablico, podr\u00e1n ser reguladas por \u00e9sta\u201d.<\/p>\n<\/article>\n<article class=\"article-body article-body--remaining-paragraph content-protected-false\"><strong>Esa autoridad de aplicaci\u00f3n, el Ente Nacional de Comunicaciones (Enacom), ya no podr\u00e1 interferir en los precios.<\/strong><\/p>\n<p>Tambi\u00e9n se derog\u00f3 el art\u00edculo 15 de la ley que reconoc\u00eda \u201cel car\u00e1cter de servicio p\u00fablico esencial y estrat\u00e9gico de Tecnolog\u00edas de la Informaci\u00f3n y las Comunicaciones (TIC) en competencia al uso y acceso a las redes de telecomunicaciones, para y entre licenciatarios de Servicios de TIC\u201d. \u00abEl Servicio B\u00e1sico Telef\u00f3nico mantiene su condici\u00f3n de servicio p\u00fablico\u201d, se aclara.<\/p>\n<\/article>\n<\/article>\n","protected":false},"excerpt":{"rendered":"<p>El Gobierno\u00a0derog\u00f3 una norma de la gesti\u00f3n anterior que regulaba los precios de las tarifas de internet, l\u00edneas de telefon\u00eda<\/p>\n","protected":false},"author":1,"featured_media":13473,"comment_status":"closed","ping_status":"closed","sticky":false,"template":"","format":"standard","meta":{"footnotes":"","jetpack_publicize_message":"","jetpack_publicize_feature_enabled":true,"jetpack_social_post_already_shared":true,"jetpack_social_options":{"image_generator_settings":{"template":"highway","enabled":false},"version":2}},"categories":[5],"tags":[],"class_list":["post-13472","post","type-post","status-publish","format-standard","has-post-thumbnail","hentry","category-economia"],"jetpack_publicize_connections":[],"_links":{"self":[{"href":"https:\/\/diariorepublica.com.ar\/web\/index.php\/wp-json\/wp\/v2\/posts\/13472"}],"collection":[{"href":"https:\/\/diariorepublica.com.ar\/web\/index.php\/wp-json\/wp\/v2\/posts"}],"about":[{"href":"https:\/\/diariorepublica.com.ar\/web\/index.php\/wp-json\/wp\/v2\/types\/post"}],"author":[{"embeddable":true,"href":"https:\/\/diariorepublica.com.ar\/web\/index.php\/wp-json\/wp\/v2\/users\/1"}],"replies":[{"embeddable":true,"href":"https:\/\/diariorepublica.com.ar\/web\/index.php\/wp-json\/wp\/v2\/comments?post=13472"}],"version-history":[{"count":1,"href":"https:\/\/diariorepublica.com.ar\/web\/index.php\/wp-json\/wp\/v2\/posts\/13472\/revisions"}],"predecessor-version":[{"id":13474,"href":"https:\/\/diariorepublica.com.ar\/web\/index.php\/wp-json\/wp\/v2\/posts\/13472\/revisions\/13474"}],"wp:featuredmedia":[{"embeddable":true,"href":"https:\/\/diariorepublica.com.ar\/web\/index.php\/wp-json\/wp\/v2\/media\/13473"}],"wp:attachment":[{"href":"https:\/\/diariorepublica.com.ar\/web\/index.php\/wp-json\/wp\/v2\/media?parent=13472"}],"wp:term":[{"taxonomy":"category","embeddable":true,"href":"https:\/\/diariorepublica.com.ar\/web\/index.php\/wp-json\/wp\/v2\/categories?post=13472"},{"taxonomy":"post_tag","embeddable":true,"href":"https:\/\/diariorepublica.com.ar\/web\/index.php\/wp-json\/wp\/v2\/tags?post=13472"}],"curies":[{"name":"wp","href":"https:\/\/api.w.org\/{rel}","templated":true}]}}