{"id":13475,"date":"2024-04-10T18:21:28","date_gmt":"2024-04-10T21:21:28","guid":{"rendered":"https:\/\/diariorepublica.com.ar\/web\/?p=13475"},"modified":"2024-04-10T18:21:30","modified_gmt":"2024-04-10T21:21:30","slug":"senado-reunion-con-autoridades-por-iniciativa-de-formacion-continua-de-la-policia-y-servicio-penitenciario","status":"publish","type":"post","link":"https:\/\/diariorepublica.com.ar\/web\/index.php\/locales\/2024\/04\/10\/senado-reunion-con-autoridades-por-iniciativa-de-formacion-continua-de-la-policia-y-servicio-penitenciario\/","title":{"rendered":"Senado : Reuni\u00f3n con autoridades por iniciativa de formaci\u00f3n continua de la Polic\u00eda y Servicio Penitenciario"},"content":{"rendered":"<p>A partir del tratamiento de proyectos que se encuentran en evaluaci\u00f3n para el periodo de sesiones extraordinarias, las Comisiones de Legislaci\u00f3n General y de Justicia, Seguridad y Derechos Humanos de la C\u00e1mara de Senadores se reunieron esta ma\u00f1ana con autoridades del Poder Ejecutivo Provincial, entre ellos el secretario de Seguridad Dr. Mart\u00edn Miranda, el Director de Coordinaci\u00f3n y Ejecuci\u00f3n, Dr. Emiliano Carignano y del IES Policial.<\/p>\n<p>En la oportunidad, se avanz\u00f3 en los detalles del proyecto de Ley que promueve el \u00abR\u00e9gimen de Formaci\u00f3n y Capacitaci\u00f3n continua de la Polic\u00eda y Servicio Penitenciario de la Provincia de Catamarca\u00bb, iniciado por el Poder Ejecutivo y que cuenta ya con media sanci\u00f3n de la C\u00e1mara de Diputados.<\/p>\n<p>La iniciativa tiene como fundamento, \u201cla profesionalizaci\u00f3n de las fuerzas de Seguridad tanto policiales como penitenciar\u00edas de nuestra Provincia, no solo por los constantes cambios que se est\u00e1n produciendo en los sistemas educativos de las distintas fuerzas de seguridad de nuestro pa\u00eds, y en los cuales la Polic\u00eda y el Servicio Penitenciario de la provincia de Catamarca se encuentran enmarcados, sino que adem\u00e1s, la realidad imperante en un contexto mundial nos conduce a profundizar d\u00eda a d\u00eda en la b\u00fasqueda de un mejor servicio para toda la comunidad, optimizando de esta manera los recursos con que se cuentan\u201d.<\/p>\n<p>\u201cPensar en mejorar la formaci\u00f3n profesional de quienes aspiran a integrar los cuerpos policiales y penitenciarios, resultan el punto de partida para profundizar el debate y avanzar en la construcci\u00f3n que nuestra sociedad necesita\u201d, remarca el proyecto.<\/p>\n<p>Reuni\u00f3n de Miner\u00eda, Energ\u00eda, Ecolog\u00eda y Medio Ambiente<\/p>\n<p>La comisi\u00f3n presidida por la senadora Mar\u00eda Blas, se reuni\u00f3 junto a sus miembros para recibir la visita del Dr. Augusto C\u00e9sar Acu\u00f1a presidente del En.Re y el vocal de la misma entidad, Dr. Roberto Luis Perrota, para conversar acerca del proyecto que busca declarar el Estado de Emergencia en la prestaci\u00f3n del servicio p\u00fablico de energ\u00eda el\u00e9ctrica en toda la jurisdicci\u00f3n de la Provincia. La reuni\u00f3n gir\u00f3, de esta manera, en torno a las especificidades de dicho proyecto, como as\u00ed tambi\u00e9n tuvieron tiempo de conocer detalles en relaci\u00f3n al organismo.<\/p>\n<p>Otras Comisiones reunidas<\/p>\n<p>Durante la jornada tambi\u00e9n se reunieron las Comisiones de Salud P\u00fablica y Deportes, as\u00ed como la de Transporte, Infraestructura y Servicios P\u00fablicos, para avanzar en las iniciativas que se encuentran en an\u00e1lisis de cara a las pr\u00f3ximas sesiones legislativas que se avecinan.<\/p>\n","protected":false},"excerpt":{"rendered":"<p>A partir del tratamiento de proyectos que se encuentran en evaluaci\u00f3n para el periodo de sesiones extraordinarias, las Comisiones de<\/p>\n","protected":false},"author":1,"featured_media":13476,"comment_status":"closed","ping_status":"closed","sticky":false,"template":"","format":"standard","meta":{"footnotes":"","jetpack_publicize_message":"","jetpack_publicize_feature_enabled":true,"jetpack_social_post_already_shared":true,"jetpack_social_options":{"image_generator_settings":{"template":"highway","enabled":false},"version":2}},"categories":[2],"tags":[],"class_list":["post-13475","post","type-post","status-publish","format-standard","has-post-thumbnail","hentry","category-locales"],"jetpack_publicize_connections":[],"_links":{"self":[{"href":"https:\/\/diariorepublica.com.ar\/web\/index.php\/wp-json\/wp\/v2\/posts\/13475"}],"collection":[{"href":"https:\/\/diariorepublica.com.ar\/web\/index.php\/wp-json\/wp\/v2\/posts"}],"about":[{"href":"https:\/\/diariorepublica.com.ar\/web\/index.php\/wp-json\/wp\/v2\/types\/post"}],"author":[{"embeddable":true,"href":"https:\/\/diariorepublica.com.ar\/web\/index.php\/wp-json\/wp\/v2\/users\/1"}],"replies":[{"embeddable":true,"href":"https:\/\/diariorepublica.com.ar\/web\/index.php\/wp-json\/wp\/v2\/comments?post=13475"}],"version-history":[{"count":1,"href":"https:\/\/diariorepublica.com.ar\/web\/index.php\/wp-json\/wp\/v2\/posts\/13475\/revisions"}],"predecessor-version":[{"id":13477,"href":"https:\/\/diariorepublica.com.ar\/web\/index.php\/wp-json\/wp\/v2\/posts\/13475\/revisions\/13477"}],"wp:featuredmedia":[{"embeddable":true,"href":"https:\/\/diariorepublica.com.ar\/web\/index.php\/wp-json\/wp\/v2\/media\/13476"}],"wp:attachment":[{"href":"https:\/\/diariorepublica.com.ar\/web\/index.php\/wp-json\/wp\/v2\/media?parent=13475"}],"wp:term":[{"taxonomy":"category","embeddable":true,"href":"https:\/\/diariorepublica.com.ar\/web\/index.php\/wp-json\/wp\/v2\/categories?post=13475"},{"taxonomy":"post_tag","embeddable":true,"href":"https:\/\/diariorepublica.com.ar\/web\/index.php\/wp-json\/wp\/v2\/tags?post=13475"}],"curies":[{"name":"wp","href":"https:\/\/api.w.org\/{rel}","templated":true}]}}