{"id":13481,"date":"2024-04-10T16:57:00","date_gmt":"2024-04-10T19:57:00","guid":{"rendered":"https:\/\/diariorepublica.com.ar\/web\/?p=13481"},"modified":"2024-04-10T18:34:56","modified_gmt":"2024-04-10T21:34:56","slug":"el-gobierno-recibe-oficialmente-a-la-cgt-por-primera-vez-en-medio-de-tensiones","status":"publish","type":"post","link":"https:\/\/diariorepublica.com.ar\/web\/index.php\/nacionales\/2024\/04\/10\/el-gobierno-recibe-oficialmente-a-la-cgt-por-primera-vez-en-medio-de-tensiones\/","title":{"rendered":"El Gobierno recibe oficialmente a la CGT por primera vez en medio de tensiones"},"content":{"rendered":"<p class=\"com-paragraph  --capital --s\">A cuatro meses del comienzo de la gesti\u00f3n, el Gobierno nacional recibe esta tarde por primera vez de forma oficial a la c\u00fapula de la <strong>CGT.<\/strong>\u00a0El encuentro se da en la antesala de que se conozcan los detalles de la\u00a0<strong>reforma laboral<\/strong>\u00a0que entregar\u00e1 la Uni\u00f3n C\u00edvica Radical (UCR) y que se incluir\u00e1 en la \u201cley de Bases\u201d, cuyo\u00a0borrador final\u00a0se conoci\u00f3 en las \u00faltimas horas. La reuni\u00f3n, que es encabezada por el ministro del Interior,\u00a0<strong>Guillermo Francos<\/strong>\u00a0y el jefe de Gabinete,\u00a0<strong>Nicol\u00e1s Posse<\/strong>, se da un d\u00eda antes de que los gremios debatan internamente la posibilidad de avanzar con un paro general o una movilizaci\u00f3n para el 1\u00b0 de mayo.<\/p>\n<div class=\"hidden\"><\/div>\n<div class=\"hidden\"><\/div>\n<p class=\"com-paragraph   --s\">Poco antes de la reuni\u00f3n con el Gobierno, la CGT dio a conocer un documento de 13 p\u00e1ginas en las que se detall\u00f3 los cambios que aceptar\u00edan de la eventual reforma laboral. A la ma\u00f1ana, los sindicalistas\u00a0recibieron al bloque de senadores de Uni\u00f3n por la Patria\u00a0para cerrar filas para rechazar la reimposici\u00f3n de la cuarta categor\u00eda del impuesto a las ganancias y \u201cla ley de Bases\u201d.<\/p>\n<p class=\"com-paragraph   --s\">A la sede de Gobierno fueron arribando poco antes de las 16:30, hora prevista para el comienzo del c\u00f3nclave:\u00a0<strong>H\u00e9ctor Daer<\/strong>, de Sanidad;\u00a0<strong>Hugo Moyano,<\/strong>\u00a0de Camioneros;\u00a0<strong>Carlos Acu\u00f1a<\/strong>, de Estaciones de Servicio; Jos\u00e9 Lingeri, de Obras Sanitarias;\u00a0<strong>Andr\u00e9s Rodr\u00edguez,<\/strong>\u00a0de UPCN, y\u00a0<strong>Gerardo Mart\u00ednez,<\/strong>\u00a0de la Uocra. Estaba tambi\u00e9n invitado\u00a0<strong>Pablo Moyano<\/strong>, quien no acudi\u00f3 a la convocatoria. Moyano es quien lleva un perfil m\u00e1s combativo dentro de la estructura sindical, aspecto que genera incluso fuerte rispideces internas.<\/p>\n<div class=\"hidden\"><\/div>\n<p class=\"com-paragraph   --s\">Tambi\u00e9n se sumaron otros miembros del consejo directivo de la CGT como:\u00a0<strong>Marina Jaureguiberry<\/strong>\u00a0de SADOP;\u00a0<strong>Cristian Jer\u00f3nimo<\/strong>\u00a0de Empleados del Vidrio;\u00a0<strong>Susana Ben\u00edtez,\u00a0<\/strong>de SATSAID);\u00a0<strong>Jorge Sola\u00a0<\/strong>de Seguros; y\u00a0<strong>Oscar Rojas<\/strong>\u00a0de Maestranza. Tambi\u00e9n participa de la cita el secretario de Interior, Lisandro Catal\u00e1n.<\/p>\n<p>En la antesala del encuentro, en la Casa Rosada reconoc\u00edan que era un \u201cbuen primer paso\u201d en el v\u00ednculo con el sindicalismo, con quien explicaban que hab\u00edan tenido buena sinton\u00eda en la previa a la presentaci\u00f3n del DNU 70\/2023, tras lo que reconoc\u00edan que ese texto de este los \u201ctom\u00f3 por sorpresa\u201d a los sindicalistas. En esa l\u00ednea admit\u00edan que precisamente tambi\u00e9n por eso \u201cbuscaban tender puentes\u201d luego de ese episodio. Desde el c\u00edrculo cercano al presidente Javier Milei aseguraban tambi\u00e9n que \u201cno hay ning\u00fan tipo de animosidad\u201d con los sindicalistas y que, adem\u00e1s, los consideraban un \u201dimportante actor privado\u201d.<\/p>\n<p>Uno de los temas que estar\u00e1 en la agenda ser\u00e1 la homologaci\u00f3n de las paritarias ante el intento del Gobierno de moderar los aumentos salariales.<\/p>\n<p>La convocatoria se conoci\u00f3 ayer, poco antes de que se distribuyera a gobernadores y jefes de bloques, los borradores finales de la ley de Bases y Fiscal. En el primero de ellos es que se incluir\u00e1 el cap\u00edtulo de la reforma laboral, pero por v\u00eda indirecta. La Casa Rosada hizo un acuerdo con la UCR: ante la insistencia de los radicales para incluir en la ley \u201cBases\u201d la reforma laboral que estaba en el DNU 70\/2023 y que fue frenada por la Justicia, los funcionarios de Milei le propusieron al jefe de la bancada de la UCR, Rodrigo de Loredo, que su bloque presente por cuerda separada un proyecto de ley para incorporarlo al texto de la nueva ley \u00f3mnibus durante el tratamiento en comisi\u00f3n. La iniciativa de la UCR era esperada por el Gobierno para este mi\u00e9rcoles, pero ante falta de finalizaci\u00f3n podr\u00eda demorarse hasta este jueves.<\/p>\n<p>Esa nueva versi\u00f3n ser\u00e1 sensiblemente m\u00e1s acotada que la reforma laboral contenida en el DNU, y, en principio, no tocar\u00e1 los aspectos m\u00e1s \u00e1speros en la relaci\u00f3n con los gremios, como los aportes sindicales y los fondos de las obras sociales, adem\u00e1s de la prohibici\u00f3n de protestas y asambleas.<\/p>\n<p>Fue precisamente la CGT quien present\u00f3 amparos en lo referido al cap\u00edtulo de la reforma laboral del DNU y logr\u00f3 que esto sea paralizado por la justicia. Fue tambi\u00e9n por ese motivo que el 24 de enero batieron su propio r\u00e9cord y le hicieron el primer paro a Milei a solo 45 d\u00edas de haber asumido. Hasta entonces el r\u00e9cord anterior lo ten\u00eda Fernando de la R\u00faa, cuyo primer paro lo sufri\u00f3 a 77 d\u00edas de gesti\u00f3n.<\/p>\n<p>Precisamente por el parate que ocasion\u00f3 la judicializaci\u00f3n del tema fue tambi\u00e9n que la UCR, en su tramo de negociaciones por la nueva versi\u00f3n de la ley Bases, quien pidi\u00f3 al Ejecutivo tomar parte de eso e incluirlo en Comisi\u00f3n. Aunque el texto final no est\u00e1 listo, y se espera para el correr de las pr\u00f3ximas horas, el Gobierno les adelantar\u00e1 formalmente a los \u201cgordos\u201d de la CGT las ideas centrales de la nueva propuesta.<\/p>\n","protected":false},"excerpt":{"rendered":"<p>A cuatro meses del comienzo de la gesti\u00f3n, el Gobierno nacional recibe esta tarde por primera vez de forma oficial<\/p>\n","protected":false},"author":1,"featured_media":13482,"comment_status":"closed","ping_status":"closed","sticky":false,"template":"","format":"standard","meta":{"footnotes":"","jetpack_publicize_message":"","jetpack_publicize_feature_enabled":true,"jetpack_social_post_already_shared":true,"jetpack_social_options":{"image_generator_settings":{"template":"highway","enabled":false},"version":2}},"categories":[4],"tags":[],"class_list":["post-13481","post","type-post","status-publish","format-standard","has-post-thumbnail","hentry","category-nacionales"],"jetpack_publicize_connections":[],"_links":{"self":[{"href":"https:\/\/diariorepublica.com.ar\/web\/index.php\/wp-json\/wp\/v2\/posts\/13481"}],"collection":[{"href":"https:\/\/diariorepublica.com.ar\/web\/index.php\/wp-json\/wp\/v2\/posts"}],"about":[{"href":"https:\/\/diariorepublica.com.ar\/web\/index.php\/wp-json\/wp\/v2\/types\/post"}],"author":[{"embeddable":true,"href":"https:\/\/diariorepublica.com.ar\/web\/index.php\/wp-json\/wp\/v2\/users\/1"}],"replies":[{"embeddable":true,"href":"https:\/\/diariorepublica.com.ar\/web\/index.php\/wp-json\/wp\/v2\/comments?post=13481"}],"version-history":[{"count":1,"href":"https:\/\/diariorepublica.com.ar\/web\/index.php\/wp-json\/wp\/v2\/posts\/13481\/revisions"}],"predecessor-version":[{"id":13483,"href":"https:\/\/diariorepublica.com.ar\/web\/index.php\/wp-json\/wp\/v2\/posts\/13481\/revisions\/13483"}],"wp:featuredmedia":[{"embeddable":true,"href":"https:\/\/diariorepublica.com.ar\/web\/index.php\/wp-json\/wp\/v2\/media\/13482"}],"wp:attachment":[{"href":"https:\/\/diariorepublica.com.ar\/web\/index.php\/wp-json\/wp\/v2\/media?parent=13481"}],"wp:term":[{"taxonomy":"category","embeddable":true,"href":"https:\/\/diariorepublica.com.ar\/web\/index.php\/wp-json\/wp\/v2\/categories?post=13481"},{"taxonomy":"post_tag","embeddable":true,"href":"https:\/\/diariorepublica.com.ar\/web\/index.php\/wp-json\/wp\/v2\/tags?post=13481"}],"curies":[{"name":"wp","href":"https:\/\/api.w.org\/{rel}","templated":true}]}}