{"id":13487,"date":"2024-04-10T15:40:00","date_gmt":"2024-04-10T18:40:00","guid":{"rendered":"https:\/\/diariorepublica.com.ar\/web\/?p=13487"},"modified":"2024-04-10T18:41:24","modified_gmt":"2024-04-10T21:41:24","slug":"chile-y-argentina-avanzan-con-el-corredor-bioceanico-y-las-relaciones-bilaterales","status":"publish","type":"post","link":"https:\/\/diariorepublica.com.ar\/web\/index.php\/politica\/2024\/04\/10\/chile-y-argentina-avanzan-con-el-corredor-bioceanico-y-las-relaciones-bilaterales\/","title":{"rendered":"Chile y Argentina avanzan con el Corredor Bioce\u00e1nico y las relaciones bilaterales"},"content":{"rendered":"<p>Con el objetivo de fortalecer los lazos de cooperaci\u00f3n e integraci\u00f3n entre Argentina y Chile, se lleva a cabo el XXIII Plenario de Autoridades del Comit\u00e9 de Integraci\u00f3n ATACALAR 2024. El gobernador Ra\u00fal Jalil, junto a su par de La Rioja, Ricardo Quintela, y el gobernador de la Regi\u00f3n de Atacama, Miguel Vargas Correa, particip\u00f3 en la apertura de este evento.<\/p>\n<p>Durante el encuentro se trataron diversos temas, incluido el desarrollo del comercio entre ambos pa\u00edses y la necesidad de avanzar con el proyecto del Corredor Bioce\u00e1nico, que da permitir\u00e1 el tr\u00e1nsito y log\u00edstica por el Pac\u00edfico.<\/p>\n<p>Adem\u00e1s, se busca promover y consolidar el intercambio cultural, econ\u00f3mico, tur\u00edstico y deportivo entre ambos pa\u00edses a trav\u00e9s de actividades diversas y acuerdos de cooperaci\u00f3n internacional, convirti\u00e9ndose en una ventana de desarrollo empresarial y econ\u00f3mico. El objetivo principal de ATACALAR es unir el coraz\u00f3n productivo de Argentina con el oc\u00e9ano Pac\u00edfico a trav\u00e9s de los puertos de la zona de Atacama.<\/p>\n<p>Durante este evento binacional participaron funcionarios, productores y empresarios de diferentes provincias argentinas y de la regi\u00f3n de Atacama.<\/p>\n<p>Trabajan para avanzar con el Corredor Bioce\u00e1nico y relaciones bilaterales<br \/>El gobernador Ra\u00fal Jalil destac\u00f3 la importancia del encuentro binacional para consolidar la integraci\u00f3n de Chile y las provincias argentinas. \u00abEstas reuniones tienen que ver con nuestras fortalezas y oportunidades\u201d, resalt\u00f3 y agreg\u00f3 en este sentido: \u201cLa miner\u00eda est\u00e1 brindando una gran oportunidad al paso de San Francisco y Pircas Negras. No somos competidores, queremos seguir trabajando en sinergia con toda nuestra regi\u00f3n\u201d.<\/p>\n<p>En cuanto a las pol\u00edticas de integraci\u00f3n regional, manifest\u00f3: \u201cNuestros pa\u00edses necesitan, en alg\u00fan momento, tener alguna moneda en com\u00fan, tener pol\u00edticas en com\u00fan; que el Pro Chile tambi\u00e9n sea Pro Argentina y Pro Brasil. La integraci\u00f3n y el mundo a veces avanzan m\u00e1s r\u00e1pido de lo que uno ve en la geopol\u00edtica\u201d.<\/p>\n<p>El gobernador de La Rioja, Ricardo Quintela, subray\u00f3 la necesidad de avanzar en la consolidaci\u00f3n del corredor bioce\u00e1nico y se\u00f1al\u00f3: \u201cLa cordillera no nos separa, nos une en un abrazo fraterno y de intereses comunes\u201d.<\/p>\n<p>Adem\u00e1s, Quintela remarc\u00f3 el potencial minero y productivo de La Rioja y Catamarca. \u201cTenemos un potencial importante para desarrollar, no solo en miner\u00eda, sino tambi\u00e9n en agricultura y ganader\u00eda\u201d, se\u00f1al\u00f3. Destac\u00f3 que ambas provincias facilitan y generan condiciones favorables para la inversi\u00f3n. En este sentido, afirm\u00f3 que La Rioja, junto con Catamarca, \u201csomos el polo industrial textil m\u00e1s importante de Am\u00e9rica Latina\u201d.<\/p>\n<p>El gobernador regional de Atacama, Miguel Vargas Correa, se\u00f1al\u00f3 la importancia de integrarse como regi\u00f3n \u201cporque tenemos desaf\u00edos que son comunes, hay muchas cosas que nos unen\u201d. Sostuvo adem\u00e1s que la integraci\u00f3n chilena-argentina se debe fortalecer a trav\u00e9s de las regiones y provincias. \u201cTodos tenemos un anhelo superior, que es el bienestar de nuestras comunidades y la generaci\u00f3n de oportunidades para nuestra gente en todos los \u00e1mbitos\u201d, expres\u00f3.<\/p>\n<p>Ma\u00f1ana, jueves 11 de abril, est\u00e1 previsto que las autoridades se trasladen a la comuna de Caldera, donde se llevar\u00e1 a cabo una reuni\u00f3n con representantes de los principales puertos de Atacama, para posteriormente dar clausura y lectura al Acta Final del ATACALAR 2024.<\/p>\n<p>Acompa\u00f1aron en el Plenario el vicegobernador Rub\u00e9n Dusso; la ministra de Trabajo, Planificaci\u00f3n y Recursos Humanos, Ver\u00f3nica Soria; el ministro de Inclusi\u00f3n Digital y Sistemas Productivos, Juan Cruz Miranda; el ministro de Industria, Comercio y Empleo, Sebasti\u00e1n Caria; la ministra de Seguridad, Fabiola Segura; la presidenta de la C\u00e1mara de Diputados, Paola Fedeli; el diputado Nacional, Sebasti\u00e1n N\u00f3blega; los intendentes Cristian Yapura (Bel\u00e9n), Erika Inga (Santa Mar\u00eda), Ernesto Andrada (Tinogasta) y Ra\u00fal Usqueda (Fiambal\u00e1), entre otras autoridades.<\/p>\n\n\n<p><\/p>\n","protected":false},"excerpt":{"rendered":"<p>Con el objetivo de fortalecer los lazos de cooperaci\u00f3n e integraci\u00f3n entre Argentina y Chile, se lleva a cabo el<\/p>\n","protected":false},"author":1,"featured_media":13488,"comment_status":"closed","ping_status":"closed","sticky":false,"template":"","format":"standard","meta":{"footnotes":"","jetpack_publicize_message":"","jetpack_publicize_feature_enabled":true,"jetpack_social_post_already_shared":true,"jetpack_social_options":{"image_generator_settings":{"template":"highway","enabled":false},"version":2}},"categories":[12],"tags":[],"class_list":["post-13487","post","type-post","status-publish","format-standard","has-post-thumbnail","hentry","category-politica"],"jetpack_publicize_connections":[],"_links":{"self":[{"href":"https:\/\/diariorepublica.com.ar\/web\/index.php\/wp-json\/wp\/v2\/posts\/13487"}],"collection":[{"href":"https:\/\/diariorepublica.com.ar\/web\/index.php\/wp-json\/wp\/v2\/posts"}],"about":[{"href":"https:\/\/diariorepublica.com.ar\/web\/index.php\/wp-json\/wp\/v2\/types\/post"}],"author":[{"embeddable":true,"href":"https:\/\/diariorepublica.com.ar\/web\/index.php\/wp-json\/wp\/v2\/users\/1"}],"replies":[{"embeddable":true,"href":"https:\/\/diariorepublica.com.ar\/web\/index.php\/wp-json\/wp\/v2\/comments?post=13487"}],"version-history":[{"count":1,"href":"https:\/\/diariorepublica.com.ar\/web\/index.php\/wp-json\/wp\/v2\/posts\/13487\/revisions"}],"predecessor-version":[{"id":13489,"href":"https:\/\/diariorepublica.com.ar\/web\/index.php\/wp-json\/wp\/v2\/posts\/13487\/revisions\/13489"}],"wp:featuredmedia":[{"embeddable":true,"href":"https:\/\/diariorepublica.com.ar\/web\/index.php\/wp-json\/wp\/v2\/media\/13488"}],"wp:attachment":[{"href":"https:\/\/diariorepublica.com.ar\/web\/index.php\/wp-json\/wp\/v2\/media?parent=13487"}],"wp:term":[{"taxonomy":"category","embeddable":true,"href":"https:\/\/diariorepublica.com.ar\/web\/index.php\/wp-json\/wp\/v2\/categories?post=13487"},{"taxonomy":"post_tag","embeddable":true,"href":"https:\/\/diariorepublica.com.ar\/web\/index.php\/wp-json\/wp\/v2\/tags?post=13487"}],"curies":[{"name":"wp","href":"https:\/\/api.w.org\/{rel}","templated":true}]}}