{"id":13493,"date":"2024-04-11T05:17:00","date_gmt":"2024-04-11T08:17:00","guid":{"rendered":"https:\/\/diariorepublica.com.ar\/web\/?p=13493"},"modified":"2024-04-11T07:18:24","modified_gmt":"2024-04-11T10:18:24","slug":"feria-productiva-atacalar-chile-argentina","status":"publish","type":"post","link":"https:\/\/diariorepublica.com.ar\/web\/index.php\/sociedad\/2024\/04\/11\/feria-productiva-atacalar-chile-argentina\/","title":{"rendered":"Feria productiva ATACALAR Chile &#8211; Argentina"},"content":{"rendered":"<p>La feria estar\u00e1 abierta a todo p\u00fablico este 10 y 11 de abril, donde quienes la visiten podr\u00e1n encontrar una variedad de productos chilenos y argentinos.<\/p>\n<p>Con el objetivo de potenciar los productos atacame\u00f1os y de las provincias del noroeste argentino en el de la XXIII versi\u00f3n del Comit\u00e9 de Integraci\u00f3n ATACALAR Chile &#8211; Argentina que se realiza en la regi\u00f3n, organizado por el Gobierno Regional de Atacama, este mi\u00e9rcoles se inaugur\u00f3 una feria productiva en la plaza de armas de Copiap\u00f3.<\/p>\n<p>Quienes visiten el lugar podr\u00e1n encontrar productos como aceite de oliva, vino, pico dulces t\u00edpicos argentinos, entre otras alternativas.<\/p>\n<p>Cabe recordar que la Macro Regi\u00f3n Atacalar integra a la Regi\u00f3n de Atacama de Chile y a las provincias de Catamarca, La Rioja, Tucum\u00e1n, Santiago del Estero, C\u00f3rdoba, Entre R\u00edos y Santa F\u00e9 de Argentina. Su objetivo es la creaci\u00f3n del Corredor Bioce\u00e1nico Agroalimentario y Minero entre ambos pa\u00edses, adem\u00e1s del intercambio cultural, tur\u00edstico, deportivo y econ\u00f3mico entre Chile y Argentina.<\/p>\n<p>Tras el corte de cinta, el gobernador de la Regi\u00f3n de Atacama, Miguel Vargas Correa asever\u00f3 \u201cbueno esto tiene Atacalar, la oportunidad de mostrar los emprendimientos que se destacan tanto en las provincias argentinas como en la regi\u00f3n de Atacama. Productos t\u00edpicos de los territorios que conforman la macro regi\u00f3n. Esperamos seguir dando pasos para fortalecer la necesaria integraci\u00f3n chileno argentina a partir de los territorios, de la Regi\u00f3n de Atacama y de las provincias del noroeste y centro argentino\u201d.<\/p>\n<p>\u201cEstamos muy contentos adem\u00e1s, por la presencia nutrida de una delegaci\u00f3n argentina encabezada por el gobernador de Catamarca, Ra\u00fal Jalil, por el gobernador de La Rioja, Ricardo Quintela, quienes nos han acompa\u00f1ado en la inauguraci\u00f3n del encuentro y hoy en la tarde en la participaci\u00f3n de las comisiones, donde esperamos seguir dando pasos en los distintos \u00e1mbitos en materia de los complejos fronterizos y en seguir avanzando en la red de caminos en el gran proyecto estrat\u00e9gico del Corredor Bioce\u00e1nico. Queremos dar un impulso en Atacama al proyecto del Puerto Multiprop\u00f3sito, queremos seguir fortaleciendo tambi\u00e9n las actividades culturales, educativas, deportivas, todo lo que implica el proceso de integraci\u00f3n en todas sus dimensiones. Tambi\u00e9n hemos querido que esta feria productiva se materialice aqu\u00ed en la plaza de la ciudad de Copiap\u00f3, para que la comunidad tambi\u00e9n sea part\u00edcipe de este gran evento\u201d, afirm\u00f3 el Gobernador de Atacama.<\/p>\n<p>El gobernador Ra\u00fal Jalil, se\u00f1al\u00f3 \u201cla verdad que para nosotros estar ac\u00e1 es como estar en casa, as\u00ed que agradecerle a todo los chilenos, las chilenas; y bueno, a seguir creciendo. Tenemos muchas oportunidades. La miner\u00eda nos est\u00e1 dando un impulso muy importante y tenemos muchas cosas para aprender de ustedes y ustedes cosas para aprender de nosotros. Yo dec\u00eda la cantidad de vicu\u00f1as que hay del otro lado de la cordillera y tan pocas vicu\u00f1a que hay ac\u00e1. Y eso es producto tambi\u00e9n de una pol\u00edtica de muchas cosas que podemos decir, todos juntos; la cultura, el deporte, iniciar este camino, seguir este camino. Hoy comentaba en la conferencia que lo importante son las fortalezas nuestras, y en esa fortalezas, la pol\u00edtica es la que tiene que generar el \u00e1mbito para que los privados, porque son en definitiva como dec\u00eda Miguel, los privados, los que van a llevar adelante los negocios, y la pol\u00edtica lo que va a llevar adelante la cultura, la educaci\u00f3n, las olimp\u00edadas de matem\u00e1ticas\u201d.<\/p>\n<p>Dardo Morales, subsecretario de Producci\u00f3n del municipio de Tinogasta manifest\u00f3 que es \u201cmuy importante aprovechar esto. Argentina \u2013 Chile, creo que es muy importante el intercambio comercial, cultural, deportivo, que contin\u00fae, porque estos encuentros son muy importantes y lo que sale de Atacalar tambi\u00e9n. Nosotros venimos de puntualmente de Tinogasta con productos que se elaboran de diferentes bodegueros o productores a exponer y a difundir nuestros productos. Nosotros en este caso traemos lo que es aceite de oliva, vino, aceitunas, productos regionales, mermeladas -diferentes tipos de mermeladas-. Es lo que m\u00e1s tenemos en Tinogasta, as\u00ed que la idea es promocionar lo nuestro. Tambi\u00e9n quiero destacar la presencia de un privado que nos acompa\u00f1a de una bodega muy destacada en Tinogasta, as\u00ed que yo creo que es muy importante tambi\u00e9n trabajar privados en conjunto con el Estado\u201d.<\/p>\n<p>Mat\u00edas Gonz\u00e1lez, gerente General de Vi\u00f1a Kunza, la marca de vinos y piscos atacame\u00f1os, afirm\u00f3 \u201cencuentro que es una muy buena instancia para poder generar conexiones despu\u00e9s a largo plazo con los argentinos de distintos productos que ellos pueden ofrecer y tambi\u00e9n lo que nosotros podemos entregarles a ellos\u201d. Respecto a sus proyecciones, Mat\u00edas asever\u00f3 \u201cnosotros buscamos la exportaci\u00f3n, ya que nuestros productos son vino y pisco de calidad premium, calidad superior y siempre bien representando lo que es el desierto Atacama\u201d.<\/p>\n<p>Cabe se\u00f1alar que tras la jornada inaugural que cont\u00f3 con la realizaci\u00f3n del plenario, las ruedas de negocio entre empresarios argentinos y chilenos, y las comisiones de miner\u00eda, cultura, educaci\u00f3n, medio ambiente y salud, por mencionar algunas; el d\u00eda jueves 11, el encuentro se trasladar\u00e1 a la comuna de Caldera, donde se llevar\u00e1 a cabo una reuni\u00f3n entre autoridades nacionales y trasandinas, con representantes de los principales puertos de Atacama (Puerto Punta Padrones, Puerto Las Losas S.A, Terminal Mar\u00edtimo Puerto de Caldera y Puerto Barquito de Cha\u00f1aral), para posteriormente dar clausura y lectura al Acta Final del Atacalar 2024.<\/p>\n","protected":false},"excerpt":{"rendered":"<p>La feria estar\u00e1 abierta a todo p\u00fablico este 10 y 11 de abril, donde quienes la visiten podr\u00e1n encontrar una<\/p>\n","protected":false},"author":1,"featured_media":13494,"comment_status":"closed","ping_status":"closed","sticky":false,"template":"","format":"standard","meta":{"footnotes":"","jetpack_publicize_message":"","jetpack_publicize_feature_enabled":true,"jetpack_social_post_already_shared":true,"jetpack_social_options":{"image_generator_settings":{"template":"highway","enabled":false},"version":2}},"categories":[3],"tags":[],"class_list":["post-13493","post","type-post","status-publish","format-standard","has-post-thumbnail","hentry","category-sociedad"],"jetpack_publicize_connections":[],"_links":{"self":[{"href":"https:\/\/diariorepublica.com.ar\/web\/index.php\/wp-json\/wp\/v2\/posts\/13493"}],"collection":[{"href":"https:\/\/diariorepublica.com.ar\/web\/index.php\/wp-json\/wp\/v2\/posts"}],"about":[{"href":"https:\/\/diariorepublica.com.ar\/web\/index.php\/wp-json\/wp\/v2\/types\/post"}],"author":[{"embeddable":true,"href":"https:\/\/diariorepublica.com.ar\/web\/index.php\/wp-json\/wp\/v2\/users\/1"}],"replies":[{"embeddable":true,"href":"https:\/\/diariorepublica.com.ar\/web\/index.php\/wp-json\/wp\/v2\/comments?post=13493"}],"version-history":[{"count":1,"href":"https:\/\/diariorepublica.com.ar\/web\/index.php\/wp-json\/wp\/v2\/posts\/13493\/revisions"}],"predecessor-version":[{"id":13495,"href":"https:\/\/diariorepublica.com.ar\/web\/index.php\/wp-json\/wp\/v2\/posts\/13493\/revisions\/13495"}],"wp:featuredmedia":[{"embeddable":true,"href":"https:\/\/diariorepublica.com.ar\/web\/index.php\/wp-json\/wp\/v2\/media\/13494"}],"wp:attachment":[{"href":"https:\/\/diariorepublica.com.ar\/web\/index.php\/wp-json\/wp\/v2\/media?parent=13493"}],"wp:term":[{"taxonomy":"category","embeddable":true,"href":"https:\/\/diariorepublica.com.ar\/web\/index.php\/wp-json\/wp\/v2\/categories?post=13493"},{"taxonomy":"post_tag","embeddable":true,"href":"https:\/\/diariorepublica.com.ar\/web\/index.php\/wp-json\/wp\/v2\/tags?post=13493"}],"curies":[{"name":"wp","href":"https:\/\/api.w.org\/{rel}","templated":true}]}}