{"id":13533,"date":"2024-04-11T08:34:43","date_gmt":"2024-04-11T11:34:43","guid":{"rendered":"https:\/\/diariorepublica.com.ar\/web\/?p=13533"},"modified":"2024-04-11T08:34:45","modified_gmt":"2024-04-11T11:34:45","slug":"caida-en-niveles-de-empleo-en-la-construccion","status":"publish","type":"post","link":"https:\/\/diariorepublica.com.ar\/web\/index.php\/sociedad\/2024\/04\/11\/caida-en-niveles-de-empleo-en-la-construccion\/","title":{"rendered":"Ca\u00edda en niveles de empleo en la construcci\u00f3n"},"content":{"rendered":"<p>El sector de la construcci\u00f3n sufri\u00f3 una ca\u00edda del 23,1% en el primer bimestre del a\u00f1o, por el freno de la obra p\u00fablica y el lento movimiento en el sector privado. El dato se desprende de un informe realizado por el Instituto Nacional de Estad\u00edsticas y Censos (Indec), donde se muestra el nivel de demanda de los principales insumos que se utilizan para la construcci\u00f3n.<\/p>\n<p>As\u00ed, se observa que en el segundo mes del a\u00f1o se desplom\u00f3 64,9% la venta de asfalto (material usualmente asociado a la obra p\u00fablica). Tambi\u00e9n cay\u00f3 con fuerza la demanda de hierro redondo (45,9%) y cemento portland (23,5%), entre otros materiales<\/p>\n","protected":false},"excerpt":{"rendered":"<p>El sector de la construcci\u00f3n sufri\u00f3 una ca\u00edda del 23,1% en el primer bimestre del a\u00f1o, por el freno de<\/p>\n","protected":false},"author":2,"featured_media":13534,"comment_status":"closed","ping_status":"closed","sticky":false,"template":"","format":"standard","meta":{"footnotes":"","jetpack_publicize_message":"","jetpack_publicize_feature_enabled":true,"jetpack_social_post_already_shared":true,"jetpack_social_options":{"image_generator_settings":{"template":"highway","enabled":false},"version":2}},"categories":[3],"tags":[],"class_list":["post-13533","post","type-post","status-publish","format-standard","has-post-thumbnail","hentry","category-sociedad"],"jetpack_publicize_connections":[],"_links":{"self":[{"href":"https:\/\/diariorepublica.com.ar\/web\/index.php\/wp-json\/wp\/v2\/posts\/13533"}],"collection":[{"href":"https:\/\/diariorepublica.com.ar\/web\/index.php\/wp-json\/wp\/v2\/posts"}],"about":[{"href":"https:\/\/diariorepublica.com.ar\/web\/index.php\/wp-json\/wp\/v2\/types\/post"}],"author":[{"embeddable":true,"href":"https:\/\/diariorepublica.com.ar\/web\/index.php\/wp-json\/wp\/v2\/users\/2"}],"replies":[{"embeddable":true,"href":"https:\/\/diariorepublica.com.ar\/web\/index.php\/wp-json\/wp\/v2\/comments?post=13533"}],"version-history":[{"count":1,"href":"https:\/\/diariorepublica.com.ar\/web\/index.php\/wp-json\/wp\/v2\/posts\/13533\/revisions"}],"predecessor-version":[{"id":13535,"href":"https:\/\/diariorepublica.com.ar\/web\/index.php\/wp-json\/wp\/v2\/posts\/13533\/revisions\/13535"}],"wp:featuredmedia":[{"embeddable":true,"href":"https:\/\/diariorepublica.com.ar\/web\/index.php\/wp-json\/wp\/v2\/media\/13534"}],"wp:attachment":[{"href":"https:\/\/diariorepublica.com.ar\/web\/index.php\/wp-json\/wp\/v2\/media?parent=13533"}],"wp:term":[{"taxonomy":"category","embeddable":true,"href":"https:\/\/diariorepublica.com.ar\/web\/index.php\/wp-json\/wp\/v2\/categories?post=13533"},{"taxonomy":"post_tag","embeddable":true,"href":"https:\/\/diariorepublica.com.ar\/web\/index.php\/wp-json\/wp\/v2\/tags?post=13533"}],"curies":[{"name":"wp","href":"https:\/\/api.w.org\/{rel}","templated":true}]}}