{"id":13554,"date":"2024-04-12T07:56:42","date_gmt":"2024-04-12T10:56:42","guid":{"rendered":"https:\/\/diariorepublica.com.ar\/web\/?p=13554"},"modified":"2024-04-12T07:56:44","modified_gmt":"2024-04-12T10:56:44","slug":"acuerdo-firmado-fifa-y-conmebol-oficializaron-la-primera-fecha-del-mundial-2030","status":"publish","type":"post","link":"https:\/\/diariorepublica.com.ar\/web\/index.php\/deportes\/2024\/04\/12\/acuerdo-firmado-fifa-y-conmebol-oficializaron-la-primera-fecha-del-mundial-2030\/","title":{"rendered":"Acuerdo firmado: FIFA y Conmebol oficializaron la primera fecha del Mundial 2030"},"content":{"rendered":"<p>La FIFA y la Conmebol oficializaron la\u00a0<strong>primera fecha de la fase de grupos del Mundial 2030 que tendr\u00e1 lugar en Argentina, Uruguay y Paraguay<\/strong>, despu\u00e9s de firmar el acuerdo en un reuni\u00f3n realizada en el 78\u00b0 Congreso Ordinario de la Conmebol.<\/p>\n<p>En la reuni\u00f3n estuvieron presentes el presidente de la FIFA, Gianni Infantino, el mandam\u00e1s de Conmebol, Alejandro Dom\u00ednguez, y los jefes de estado de Paraguay y Uruguay, Santiago Pe\u00f1a y Luis Lacalle Pou, respectivamente.<\/p>\n<p>\u00abEl primer partido de este Mundial se va a celebrar en el estadio donde se jug\u00f3 y se celebr\u00f3 la primera final: en el estadio Centenario en Montevideo, un lugar hist\u00f3rico\u00bb, asegur\u00f3 Infantino duraante la ceremonia. Y prosigui\u00f3: \u00abLo que tenemos que hacer a partir de ahora, de ese congreso o de esta acta que firmamos todos, es pensar en eventos para celebrar los 100 a\u00f1os de los mundiales. Sudam\u00e9rica, tiene un lugar particular en m\u00ed, en micoraz\u00f3n. Creo que est\u00e1 conectada con esta pasi\u00f3n del f\u00fatbol\u00bb.<\/p>\n<p><strong>Argentina, Uruguay y Paraguay compartir\u00e1n la organizaci\u00f3n de la cita mundialista con otros tres pa\u00edses: Espa\u00f1a, Portugal y Marruecos<\/strong>, en los que se desarrollar\u00e1 la competici\u00f3n a partir de la segunda fecha hasta la gran final que tendr\u00e1 fecha en agosto.<\/p>\n<p>Los tres pa\u00edses sudamericanos fueron escogidos como sede para los duelos inaugurales de la competici\u00f3n, a modo de\u00a0<strong>celebraci\u00f3n del centenario de la Copa del Mundo que se realiz\u00f3 en Uruguay en 1930<\/strong>\u00a0y tuvo al anfitri\u00f3n junto a Argentina como protagonistas en un duelo que termin\u00f3 4 a 2 a favor de los locales.<\/p>\n","protected":false},"excerpt":{"rendered":"<p>La FIFA y la Conmebol oficializaron la\u00a0primera fecha de la fase de grupos del Mundial 2030 que tendr\u00e1 lugar en<\/p>\n","protected":false},"author":1,"featured_media":13555,"comment_status":"closed","ping_status":"closed","sticky":false,"template":"","format":"standard","meta":{"footnotes":"","jetpack_publicize_message":"","jetpack_publicize_feature_enabled":true,"jetpack_social_post_already_shared":true,"jetpack_social_options":{"image_generator_settings":{"template":"highway","enabled":false},"version":2}},"categories":[9],"tags":[],"class_list":["post-13554","post","type-post","status-publish","format-standard","has-post-thumbnail","hentry","category-deportes"],"jetpack_publicize_connections":[],"_links":{"self":[{"href":"https:\/\/diariorepublica.com.ar\/web\/index.php\/wp-json\/wp\/v2\/posts\/13554"}],"collection":[{"href":"https:\/\/diariorepublica.com.ar\/web\/index.php\/wp-json\/wp\/v2\/posts"}],"about":[{"href":"https:\/\/diariorepublica.com.ar\/web\/index.php\/wp-json\/wp\/v2\/types\/post"}],"author":[{"embeddable":true,"href":"https:\/\/diariorepublica.com.ar\/web\/index.php\/wp-json\/wp\/v2\/users\/1"}],"replies":[{"embeddable":true,"href":"https:\/\/diariorepublica.com.ar\/web\/index.php\/wp-json\/wp\/v2\/comments?post=13554"}],"version-history":[{"count":1,"href":"https:\/\/diariorepublica.com.ar\/web\/index.php\/wp-json\/wp\/v2\/posts\/13554\/revisions"}],"predecessor-version":[{"id":13556,"href":"https:\/\/diariorepublica.com.ar\/web\/index.php\/wp-json\/wp\/v2\/posts\/13554\/revisions\/13556"}],"wp:featuredmedia":[{"embeddable":true,"href":"https:\/\/diariorepublica.com.ar\/web\/index.php\/wp-json\/wp\/v2\/media\/13555"}],"wp:attachment":[{"href":"https:\/\/diariorepublica.com.ar\/web\/index.php\/wp-json\/wp\/v2\/media?parent=13554"}],"wp:term":[{"taxonomy":"category","embeddable":true,"href":"https:\/\/diariorepublica.com.ar\/web\/index.php\/wp-json\/wp\/v2\/categories?post=13554"},{"taxonomy":"post_tag","embeddable":true,"href":"https:\/\/diariorepublica.com.ar\/web\/index.php\/wp-json\/wp\/v2\/tags?post=13554"}],"curies":[{"name":"wp","href":"https:\/\/api.w.org\/{rel}","templated":true}]}}