{"id":13627,"date":"2024-04-15T12:08:14","date_gmt":"2024-04-15T15:08:14","guid":{"rendered":"https:\/\/diariorepublica.com.ar\/web\/?p=13627"},"modified":"2024-04-15T12:08:17","modified_gmt":"2024-04-15T15:08:17","slug":"un-hombre-arrestado-por-un-grave-hecho-de-abuso-sexual","status":"publish","type":"post","link":"https:\/\/diariorepublica.com.ar\/web\/index.php\/policiales\/2024\/04\/15\/un-hombre-arrestado-por-un-grave-hecho-de-abuso-sexual\/","title":{"rendered":"Un hombre arrestado por un grave hecho de abuso sexual"},"content":{"rendered":"<p>Un hombre fue arrestado en averiguaci\u00f3n del hecho ayer, al estar sospechado de haber abusado sexualmente de un adolescente de 17 a\u00f1os de edad.\u00a0 el ultraje ocurri\u00f3 el domingo a la madrugada, en una casa abandonada, ubicada en avenida Alem al 200, en la ciudad Capital. Seg\u00fan supo este medio, el presunto abusador conoce a la v\u00edctima puesto que son vecinos. Tambi\u00e9n se conoci\u00f3 que el sobreviviente pidi\u00f3 auxilio luego de ser agredido sexualmente. \u00c9l se encuentra en estado de shock y, por esa raz\u00f3n, est\u00e1 recibiendo asistencia psicol\u00f3gica.<\/p>\n<p>Desde una comisar\u00eda cercana dieron aviso de lo ocurrido a la fiscal de Instrucci\u00f3n N\u00b0 3, Gabriela De Marcos. Los polic\u00edas le mencionaron que el adolescente indic\u00f3 que hab\u00eda sido abusado por un vecino. Ante esta situaci\u00f3n, De Marcos y su secretario, Luis C\u00f3rdoba Andreatta, tomaron una serie de medidas. La representante del Ministerio P\u00fablico Fiscal (MPF) orden\u00f3 que se resguarde el lugar del hecho y que se realice la inspecci\u00f3n ocular; convoc\u00f3 a peritos de la Direcci\u00f3n General de Criminal\u00edstica; la inspecci\u00f3n corporal del sospechoso; el secuestro de la ropa del sujeto; la toma de testimonio a otro chico que es vecino de ambos, entre otras.<\/p>\n<p>La v\u00edctima, debido al estado de shock en el que se encuentra, todav\u00eda no pudo realizar la denuncia penal. Una vez que \u00e9l se recupere, las autoridades judiciales le tomar\u00e1n la denuncia. En tanto, se espera que el sospechoso hoy pase a calidad de detenido.<\/p>\n","protected":false},"excerpt":{"rendered":"<p>Un hombre fue arrestado en averiguaci\u00f3n del hecho ayer, al estar sospechado de haber abusado sexualmente de un adolescente de<\/p>\n","protected":false},"author":2,"featured_media":13628,"comment_status":"closed","ping_status":"closed","sticky":false,"template":"","format":"standard","meta":{"footnotes":"","jetpack_publicize_message":"","jetpack_publicize_feature_enabled":true,"jetpack_social_post_already_shared":true,"jetpack_social_options":{"image_generator_settings":{"template":"highway","enabled":false},"version":2}},"categories":[8],"tags":[],"class_list":["post-13627","post","type-post","status-publish","format-standard","has-post-thumbnail","hentry","category-policiales"],"jetpack_publicize_connections":[],"_links":{"self":[{"href":"https:\/\/diariorepublica.com.ar\/web\/index.php\/wp-json\/wp\/v2\/posts\/13627"}],"collection":[{"href":"https:\/\/diariorepublica.com.ar\/web\/index.php\/wp-json\/wp\/v2\/posts"}],"about":[{"href":"https:\/\/diariorepublica.com.ar\/web\/index.php\/wp-json\/wp\/v2\/types\/post"}],"author":[{"embeddable":true,"href":"https:\/\/diariorepublica.com.ar\/web\/index.php\/wp-json\/wp\/v2\/users\/2"}],"replies":[{"embeddable":true,"href":"https:\/\/diariorepublica.com.ar\/web\/index.php\/wp-json\/wp\/v2\/comments?post=13627"}],"version-history":[{"count":1,"href":"https:\/\/diariorepublica.com.ar\/web\/index.php\/wp-json\/wp\/v2\/posts\/13627\/revisions"}],"predecessor-version":[{"id":13629,"href":"https:\/\/diariorepublica.com.ar\/web\/index.php\/wp-json\/wp\/v2\/posts\/13627\/revisions\/13629"}],"wp:featuredmedia":[{"embeddable":true,"href":"https:\/\/diariorepublica.com.ar\/web\/index.php\/wp-json\/wp\/v2\/media\/13628"}],"wp:attachment":[{"href":"https:\/\/diariorepublica.com.ar\/web\/index.php\/wp-json\/wp\/v2\/media?parent=13627"}],"wp:term":[{"taxonomy":"category","embeddable":true,"href":"https:\/\/diariorepublica.com.ar\/web\/index.php\/wp-json\/wp\/v2\/categories?post=13627"},{"taxonomy":"post_tag","embeddable":true,"href":"https:\/\/diariorepublica.com.ar\/web\/index.php\/wp-json\/wp\/v2\/tags?post=13627"}],"curies":[{"name":"wp","href":"https:\/\/api.w.org\/{rel}","templated":true}]}}